{"id":142884,"date":"2026-03-11T10:48:59","date_gmt":"2026-03-11T10:48:59","guid":{"rendered":"https:\/\/www.aib.media\/?p=142884"},"modified":"2026-03-11T10:48:59","modified_gmt":"2026-03-11T10:48:59","slug":"mouhoun-des-femmes-partagees-entre-sobriete-et-traditions-festives-pour-la-celebration-du-8-mars","status":"publish","type":"post","link":"https:\/\/www.aib.media\/?p=142884","title":{"rendered":"Mouhoun : Des femmes partag\u00e9es entre sobri\u00e9t\u00e9 et traditions festives pour la c\u00e9l\u00e9bration du 8 mars"},"content":{"rendered":"<p>BURKINA-MOUHOUN-TCHERIBA-8 MARS-AVIS<\/p>\n<p><strong>Mouhoun : Des femmes partag\u00e9es entre sobri\u00e9t\u00e9 et traditions festives pour la c\u00e9l\u00e9bration du 8 mars<\/strong><\/p>\n<p><strong>Tch\u00e9riba, 8 mars 2026 (AIB)-A l\u2019occasion de la c\u00e9l\u00e9bration de la Journ\u00e9e internationale des droits de la femme, des femmes de la commune de Tch\u00e9riba, dans la province du Mouhoun, ont exprim\u00e9 leurs perceptions sur les nouvelles orientations donn\u00e9es par les autorit\u00e9s pour la comm\u00e9moration de cette date. Entre compr\u00e9hension du contexte national et attachement aux traditions festives, elles ont livr\u00e9 leurs avis et attentes.<\/strong><\/p>\n<p>Autrefois, la c\u00e9l\u00e9bration du 8 mars dans la localit\u00e9 \u00e9tait marqu\u00e9e par des activit\u00e9s festives rassemblant les femmes autour de r\u00e9jouissances communautaires, souvent en pr\u00e9sence de responsables venues de D\u00e9dougou.<\/p>\n<p>Toutefois, au regard du contexte s\u00e9curitaire et de la nouvelle dynamique impuls\u00e9e par les autorit\u00e9s, l\u2019accent est d\u00e9sormais mis sur des actions jug\u00e9es plus utiles et valorisantes pour la femme.<\/p>\n<p>Pour Sita Koumar\u00e9\/Dao, poti\u00e8re \u00e0 Tch\u00e9riba, la situation actuelle du pays ne se pr\u00eate pas \u00e0 de grandes festivit\u00e9s. Selon elle, la priorit\u00e9 demeure la s\u00e9curit\u00e9 et le retour de la paix, conditions indispensables pour envisager des c\u00e9l\u00e9brations plus festives \u00e0 l\u2019avenir.<\/p>\n<p>De son c\u00f4t\u00e9, Ramata Go\/D\u00e9m\u00e9, \u00e9galement poti\u00e8re, estime que le 8 mars reste une journ\u00e9e de r\u00e9jouissances permettant aux femmes de se sentir valoris\u00e9es. Elle propose toutefois que cette c\u00e9l\u00e9bration puisse \u00eatre marqu\u00e9e par des gestes symboliques.<\/p>\n<p>\u00ab Si certains hommes choisissent de cuisiner ou d\u2019effectuer les travaux m\u00e9nagers pour leurs \u00e9pouses ce jour-l\u00e0, les femmes pourraient \u00e9galement, de fa\u00e7on symbolique, contribuer \u00e0 la popote afin de marquer l\u2019\u00e9v\u00e9nement \u00bb, a-t-elle sugg\u00e9r\u00e9.<\/p>\n<p>Pour sa part, Mme Dao, a salu\u00e9 les nouvelles orientations qui encouragent des actions plus utiles.<\/p>\n<p>Elle a propos\u00e9, par exemple, que les femmes puissent se rendre sur les lieux de travail de leurs \u00e9poux (commerces, services ou espaces publics) pour y mener des activit\u00e9s d\u2019assainissement.<\/p>\n<p>Selon la poti\u00e8re, ce type d\u2019initiative serait plus b\u00e9n\u00e9fique que certaines pratiques festives habituelles.<\/p>\n<p>Par ailleurs, une mission du Bureau des mines et de la g\u00e9ologie du Burkina (BUMIGEB), en route pour D\u00e9dougou, a marqu\u00e9 une halte aupr\u00e8s des poti\u00e8res de la localit\u00e9.<\/p>\n<p>A cette occasion, Alain Somda, a indiqu\u00e9 que cette visite visait \u00e0 encourager ces femmes dont le travail artisanal m\u00e9rite d\u2019\u00eatre davantage valoris\u00e9.<\/p>\n<p>Pour lui, l\u2019achat de leurs produits constitue un message de reconnaissance pour ce savoir-faire artistique qui m\u00e9rite d\u2019\u00eatre promu au-del\u00e0 des fronti\u00e8res nationales.<\/p>\n<p>Minata Traor\u00e9, vendeuse de s\u00e9same \u00e0 la gare de Tch\u00e9riba, consid\u00e8re le 8 mars comme une journ\u00e9e de repos pour les femmes.<\/p>\n<p>Elle estime que cette date devrait offrir aux femmes l\u2019occasion de se d\u00e9tendre, de s\u2019exprimer librement et de marquer une pause dans leurs activit\u00e9s quotidiennes.<\/p>\n<p>Au final, bien que la c\u00e9l\u00e9bration n\u2019ait pas rev\u00eatu le caract\u00e8re festif observ\u00e9 les ann\u00e9es pr\u00e9c\u00e9dentes, les femmes de Tch\u00e9riba disent comprendre les raisons de cette sobri\u00e9t\u00e9.<br \/>\nElles n\u2019ont toutefois pas cach\u00e9 leur regret face \u00e0 l\u2019absence de pagnes comm\u00e9moratifs et esp\u00e8rent, pour les ann\u00e9es \u00e0 venir, une organisation plus inclusive qui permettra de mieux valoriser le r\u00f4le de la femme au sein de la soci\u00e9t\u00e9.<\/p>\n<p style=\"text-align: right\"><strong>Agence d\u2019information du Burkina<\/strong><\/p>\n<p style=\"text-align: right\"><strong>SB\/HB\/OO<\/strong><\/p>\n","protected":false},"excerpt":{"rendered":"<p>BURKINA-MOUHOUN-TCHERIBA-8 MARS-AVIS Mouhoun : Des femmes partag\u00e9es entre sobri\u00e9t\u00e9 et traditions festives pour la c\u00e9l\u00e9bration du 8 mars Tch\u00e9riba, 8 mars 2026 (AIB)-A l\u2019occasion de la c\u00e9l\u00e9bration de la Journ\u00e9e internationale des droits de la femme, des femmes de la commune de Tch\u00e9riba, dans la province du Mouhoun, ont exprim\u00e9 leurs perceptions sur les nouvelles [&hellip;]<\/p>\n","protected":false},"author":21,"featured_media":142885,"comment_status":"open","ping_status":"open","sticky":false,"template":"","format":"standard","meta":{"advanced_seo_description":"","jetpack_seo_html_title":"","jetpack_seo_noindex":false,"jetpack_post_was_ever_published":false,"footnotes":""},"categories":[43,173,93,203,97,36],"tags":[],"class_list":{"0":"post-142884","1":"post","2":"type-post","3":"status-publish","4":"format-standard","5":"has-post-thumbnail","7":"category-boucle-du-mouhoun","8":"category-depeches","9":"category-flashinfos","10":"category-la-une-aib","11":"category-mouhoun","12":"category-societe"},"jetpack_featured_media_url":"https:\/\/i0.wp.com\/www.aib.media\/wp-content\/uploads\/2026\/03\/17-2.jpeg?fit=1020%2C364&ssl=1","jetpack_shortlink":"https:\/\/wp.me\/pavbHe-BaA","_links":{"self":[{"href":"https:\/\/www.aib.media\/index.php?rest_route=\/wp\/v2\/posts\/142884","targetHints":{"allow":["GET"]}}],"collection":[{"href":"https:\/\/www.aib.media\/index.php?rest_route=\/wp\/v2\/posts"}],"about":[{"href":"https:\/\/www.aib.media\/index.php?rest_route=\/wp\/v2\/types\/post"}],"author":[{"embeddable":true,"href":"https:\/\/www.aib.media\/index.php?rest_route=\/wp\/v2\/users\/21"}],"replies":[{"embeddable":true,"href":"https:\/\/www.aib.media\/index.php?rest_route=%2Fwp%2Fv2%2Fcomments&post=142884"}],"version-history":[{"count":1,"href":"https:\/\/www.aib.media\/index.php?rest_route=\/wp\/v2\/posts\/142884\/revisions"}],"predecessor-version":[{"id":142886,"href":"https:\/\/www.aib.media\/index.php?rest_route=\/wp\/v2\/posts\/142884\/revisions\/142886"}],"wp:featuredmedia":[{"embeddable":true,"href":"https:\/\/www.aib.media\/index.php?rest_route=\/wp\/v2\/media\/142885"}],"wp:attachment":[{"href":"https:\/\/www.aib.media\/index.php?rest_route=%2Fwp%2Fv2%2Fmedia&parent=142884"}],"wp:term":[{"taxonomy":"category","embeddable":true,"href":"https:\/\/www.aib.media\/index.php?rest_route=%2Fwp%2Fv2%2Fcategories&post=142884"},{"taxonomy":"post_tag","embeddable":true,"href":"https:\/\/www.aib.media\/index.php?rest_route=%2Fwp%2Fv2%2Ftags&post=142884"}],"curies":[{"name":"wp","href":"https:\/\/api.w.org\/{rel}","templated":true}]}}