{"id":142862,"date":"2026-03-10T17:57:17","date_gmt":"2026-03-10T17:57:17","guid":{"rendered":"https:\/\/www.aib.media\/?p=142862"},"modified":"2026-03-10T17:57:17","modified_gmt":"2026-03-10T17:57:17","slug":"ioba-8-mars-les-femmes-catholiques-de-dissihn-marquent-leur-solidarite-a-un-orphelinat","status":"publish","type":"post","link":"https:\/\/www.aib.media\/?p=142862","title":{"rendered":"Ioba \/ 8 mars : Les femmes catholiques de Dissihn marquent leur solidarit\u00e9 \u00e0 un orphelinat"},"content":{"rendered":"<p>Burkina-Ioba-Journ\u00e9e-Internationale-Femme<\/p>\n<p><strong>Ioba \/ 8 mars : Les femmes catholiques de Dissihn marquent leur solidarit\u00e9 \u00e0 un orphelinat<\/strong><\/p>\n<p><strong>Dissihn, 9 mars 2026 (AIB) \u2013 La paroisse Sainte Th\u00e9r\u00e8se de l\u2019Enfant J\u00e9sus de Dissihn a c\u00e9l\u00e9br\u00e9, dimanche, la Journ\u00e9e internationale des droits de la femme \u00e0 travers des activit\u00e9s spirituelles et une action de solidarit\u00e9 au profit des pensionnaires de l\u2019orphelinat Maria Assunta.<\/strong><\/p>\n<p>Plac\u00e9e sous le th\u00e8me : \u00ab Place de la jeune fille et de la femme dans sa famille, dans l\u2019\u00c9glise et dans son pays \u00bb, la c\u00e9l\u00e9bration a \u00e9t\u00e9 marqu\u00e9e par des temps de concertation, de r\u00e9flexion, de pri\u00e8re et d\u2019adoration \u00e0 l\u2019initiative des femmes catholiques de la paroisse de Dissihn.<br \/>\nCette comm\u00e9moration de trois jours, a \u00e9t\u00e9 parrain\u00e9e par Romuald Poda dit \u00ab Petit J\u00e9sus \u00bb et la pr\u00e9sidente de l\u2019alliance des femmes catholiques de Dissihn, Marie Cl\u00e9ophas Somda. L\u2019activit\u00e9 principale des 72 heures fut la messe c\u00e9l\u00e9br\u00e9e par l\u2019abb\u00e9 Zagu\u00e8 Yanwoulou Hyppolyte Hien.<\/p>\n<p>Dans son hom\u00e9lie, le pr\u00eatre a rappel\u00e9 le r\u00f4le majeur de la femme dans la famille et dans la soci\u00e9t\u00e9. S\u2019appuyant sur l\u2019exemple de la femme samaritaine dans les \u00e9critures saintes, l\u2019abb\u00e9 Hien a invit\u00e9 les femmes \u00e0 se d\u00e9partir de certains comportements qui ne les honorent pas, soulignant que la pri\u00e8re doit constituer une t\u00e2che quotidienne pour leur permettre de faire preuve de r\u00e9silience dans tous les domaines de leur vie.<\/p>\n<p>Dans son intervention, la marraine de la c\u00e9r\u00e9monie, Marie Cl\u00e9ophas Somda, a indiqu\u00e9 que \u00ab la femme constitue le socle de la vie humaine et ne doit pas \u00eatre oisive. La femme doit davantage assumer son r\u00f4le d\u2019\u00e9ducatrice afin de contribuer \u00e0 restaurer les valeurs et le statut d\u2019antan du Burkina Faso \u00bb.<\/p>\n<p>A l\u2019occasion de cette c\u00e9l\u00e9bration, le cur\u00e9 de la paroisse, l\u2019abb\u00e9 Samson Poda, a initi\u00e9 une collecte de fonds destin\u00e9e \u00e0 am\u00e9liorer l\u2019alimentation des pensionnaires de l\u2019orphelinat Maria Assunta de Dissihn. La somme de 32 500 francs CFA a \u00e9t\u00e9 mobilis\u00e9e sur place.<\/p>\n<p>Pour la responsable des s\u0153urs religieuses charg\u00e9es de l\u2019orphelinat, ce geste constitue un soulagement face aux difficult\u00e9s li\u00e9es \u00e0 la prise en charge de ces nourrissons d\u00e9sh\u00e9rit\u00e9s, dans un contexte marqu\u00e9 par l\u2019insuffisance des moyens.<\/p>\n<p>Les femmes catholiques de Dissihn ont voulu, \u00e0 travers cette initiative, marquer d\u2019une pierre blanche la c\u00e9l\u00e9bration de la 39e Journ\u00e9e internationale des droits de la femme.<\/p>\n<p style=\"text-align: right\"><strong>Agence d\u2019information du Burkina <\/strong><br \/>\n<strong>JBD\/sz-dnk<\/strong><\/p>\n","protected":false},"excerpt":{"rendered":"<p>Burkina-Ioba-Journ\u00e9e-Internationale-Femme Ioba \/ 8 mars : Les femmes catholiques de Dissihn marquent leur solidarit\u00e9 \u00e0 un orphelinat Dissihn, 9 mars 2026 (AIB) \u2013 La paroisse Sainte Th\u00e9r\u00e8se de l\u2019Enfant J\u00e9sus de Dissihn a c\u00e9l\u00e9br\u00e9, dimanche, la Journ\u00e9e internationale des droits de la femme \u00e0 travers des activit\u00e9s spirituelles et une action de solidarit\u00e9 au profit [&hellip;]<\/p>\n","protected":false},"author":15,"featured_media":142863,"comment_status":"open","ping_status":"open","sticky":false,"template":"","format":"standard","meta":{"advanced_seo_description":"","jetpack_seo_html_title":"","jetpack_seo_noindex":false,"jetpack_post_was_ever_published":false,"footnotes":""},"categories":[173,93,136,203,36],"tags":[],"class_list":{"0":"post-142862","1":"post","2":"type-post","3":"status-publish","4":"format-standard","5":"has-post-thumbnail","7":"category-depeches","8":"category-flashinfos","9":"category-ioba","10":"category-la-une-aib","11":"category-societe"},"jetpack_featured_media_url":"https:\/\/i0.wp.com\/www.aib.media\/wp-content\/uploads\/2026\/03\/IMG-20260310-WA0173.jpg?fit=1040%2C780&ssl=1","jetpack_shortlink":"https:\/\/wp.me\/pavbHe-Bae","_links":{"self":[{"href":"https:\/\/www.aib.media\/index.php?rest_route=\/wp\/v2\/posts\/142862","targetHints":{"allow":["GET"]}}],"collection":[{"href":"https:\/\/www.aib.media\/index.php?rest_route=\/wp\/v2\/posts"}],"about":[{"href":"https:\/\/www.aib.media\/index.php?rest_route=\/wp\/v2\/types\/post"}],"author":[{"embeddable":true,"href":"https:\/\/www.aib.media\/index.php?rest_route=\/wp\/v2\/users\/15"}],"replies":[{"embeddable":true,"href":"https:\/\/www.aib.media\/index.php?rest_route=%2Fwp%2Fv2%2Fcomments&post=142862"}],"version-history":[{"count":1,"href":"https:\/\/www.aib.media\/index.php?rest_route=\/wp\/v2\/posts\/142862\/revisions"}],"predecessor-version":[{"id":142864,"href":"https:\/\/www.aib.media\/index.php?rest_route=\/wp\/v2\/posts\/142862\/revisions\/142864"}],"wp:featuredmedia":[{"embeddable":true,"href":"https:\/\/www.aib.media\/index.php?rest_route=\/wp\/v2\/media\/142863"}],"wp:attachment":[{"href":"https:\/\/www.aib.media\/index.php?rest_route=%2Fwp%2Fv2%2Fmedia&parent=142862"}],"wp:term":[{"taxonomy":"category","embeddable":true,"href":"https:\/\/www.aib.media\/index.php?rest_route=%2Fwp%2Fv2%2Fcategories&post=142862"},{"taxonomy":"post_tag","embeddable":true,"href":"https:\/\/www.aib.media\/index.php?rest_route=%2Fwp%2Fv2%2Ftags&post=142862"}],"curies":[{"name":"wp","href":"https:\/\/api.w.org\/{rel}","templated":true}]}}