{"id":142855,"date":"2026-03-10T17:44:11","date_gmt":"2026-03-10T17:44:11","guid":{"rendered":"https:\/\/www.aib.media\/?p=142855"},"modified":"2026-03-10T17:44:11","modified_gmt":"2026-03-10T17:44:11","slug":"gouvernance-economique-le-burkina-enregistre-des-avancees-remarquables-en-2025","status":"publish","type":"post","link":"https:\/\/www.aib.media\/?p=142855","title":{"rendered":"Gouvernance Economique : le Burkina enregistre des avanc\u00e9es remarquables en 2025"},"content":{"rendered":"<p><strong>Gouvernance Economique : le Burkina enregistre des avanc\u00e9es remarquables en 2025<\/strong><\/p>\n<p><strong>Ouagadougou, 10 mars 2025 (AIB)-Le ministre de l\u2019Economie et des Finances, Aboubakar Nacanabo a indiqu\u00e9 mardi que le secteur de la gouvernance \u00e9conomique affiche un taux d\u2019ex\u00e9cution physique de 83,02 % et un taux d\u2019ex\u00e9cution financi\u00e8re de 53,38 %, en fin d\u00e9cembre 2025.<\/strong><\/p>\n<p>\u200eParmi les principaux r\u00e9sultats enregistr\u00e9s figurent notamment le recouvrement de 3 311,66 milliards de FCFA au profit du budget de l\u2019\u00c9tat, d\u00e9passant la pr\u00e9vision initiale de 3 236,99 milliards de FCFA, ainsi que la mobilisation de 222,24 milliards de FCFA au profit du Fonds de soutien patriotique, pour une pr\u00e9vision de 150 milliards de FCFA.<\/p>\n<p>\u200eLe ministre de l\u2019Economie note \u00e9galement la modernisation de l\u2019administration \u00e9conomique et financi\u00e8re, notamment avec la num\u00e9risation de 186 203 r\u00e9f\u00e9rences cadastrales dans la plateforme e-Cadastre, ainsi que la sortie du Burkina Faso de la liste grise du Groupe d\u2019action financi\u00e8re (GAFI).<\/p>\n<p>\u200eDans le cadre de la lutte contre les circuits \u00e9conomiques informels, 16 op\u00e9rations conjointes ont \u00e9t\u00e9 men\u00e9es pour d\u00e9manteler des r\u00e9seaux de commercialisation illicite de motos et de produits p\u00e9troliers. Par ailleurs, 33 928 commer\u00e7ants ont \u00e9t\u00e9 contr\u00f4l\u00e9s dans le cadre du respect des prix des produits de grande consommation, a signifi\u00e9 M. Nacanabo.<\/p>\n<p>\u200eSur la p\u00e9riode 2021-2025, les r\u00e9sultats globaux du secteur affichent un taux d\u2019ex\u00e9cution d\u2019environ 79 %.<\/p>\n<p>\u200ePour le ministre, durant ces cinq ann\u00e9es, 13 036,05 milliards de FCFA ont \u00e9t\u00e9 mobilis\u00e9s au profit du budget de l\u2019\u00c9tat pour une pr\u00e9vision de 12 000 milliards de FCFA, tandis que 496,967 milliards de FCFA ont \u00e9t\u00e9 recouvr\u00e9s au profit du Fonds de soutien patriotique.<\/p>\n<p>\u200eLe secteur a \u00e9galement enregistr\u00e9 la num\u00e9risation de 1 688 059 plans cadastraux, l\u2019identification de 2 003 501 propri\u00e9taires de droits r\u00e9els dans e-Cadastre, la r\u00e9alisation de 114 infrastructures hydrauliques, ainsi que l\u2019appui \u00e0 66 938 m\u00e9nages de personnes d\u00e9plac\u00e9es internes (PDI) et populations h\u00f4tes vuln\u00e9rables \u00e0 travers la distribution de kits d\u2019articles m\u00e9nagers essentiels.<\/p>\n<p>\u200ePour le ministre de l\u2019\u00c9conomie et des Finances, ces performances constituent une base importante pour renforcer les r\u00e9formes et am\u00e9liorer la gouvernance publique et traduisent l\u2019engagement des administrations publiques et la discipline dans la gestion des finances publiques, ainsi que la d\u00e9termination des plus hautes autorit\u00e9s du pays \u00e0 renforcer la souverainet\u00e9 \u00e9conomique nationale.<\/p>\n<p>\u200e\u200e\u00ab Malgr\u00e9 un contexte marqu\u00e9 par de nombreux d\u00e9fis, les r\u00e9sultats obtenus t\u00e9moignent de la r\u00e9silience de l\u2019administration et de la mobilisation de l\u2019ensemble des acteurs engag\u00e9s dans la gestion \u00e9conomique du pays \u00bb, a indiqu\u00e9 monsieur le ministre.<\/p>\n<p>\u200eIl a invit\u00e9 les acteurs du secteur \u00e0 intensifier les efforts, notamment en mati\u00e8re de mobilisation des ressources internes, de lutte contre la fraude et les circuits financiers illicites, ainsi que d\u2019am\u00e9lioration de l\u2019efficacit\u00e9 de la d\u00e9pense publique.<\/p>\n<p>\u200e\u200eM. Nacanabo a aussi appel\u00e9 \u00e0 un engagement collectif pour la mise en \u0153uvre du Plan national de d\u00e9veloppement 2026-2030, dont le co\u00fbt global est estim\u00e9 \u00e0 plus de 36 000 milliards de FCFA, afin de soutenir durablement la transformation \u00e9conomique du Burkina Faso.<\/p>\n<p style=\"text-align: right\"><strong>\u200eAgence d\u2019information du Burkina <\/strong><br \/>\n<strong>\u200eOS\/yos<\/strong><br \/>\n\u200e<\/p>\n","protected":false},"excerpt":{"rendered":"<p>Gouvernance Economique : le Burkina enregistre des avanc\u00e9es remarquables en 2025 Ouagadougou, 10 mars 2025 (AIB)-Le ministre de l\u2019Economie et des Finances, Aboubakar Nacanabo a indiqu\u00e9 mardi que le secteur de la gouvernance \u00e9conomique affiche un taux d\u2019ex\u00e9cution physique de 83,02 % et un taux d\u2019ex\u00e9cution financi\u00e8re de 53,38 %, en fin d\u00e9cembre 2025. \u200eParmi [&hellip;]<\/p>\n","protected":false},"author":15,"featured_media":142856,"comment_status":"open","ping_status":"open","sticky":false,"template":"","format":"standard","meta":{"advanced_seo_description":"","jetpack_seo_html_title":"","jetpack_seo_noindex":false,"jetpack_post_was_ever_published":false,"footnotes":""},"categories":[173,93,102,203],"tags":[],"class_list":{"0":"post-142855","1":"post","2":"type-post","3":"status-publish","4":"format-standard","5":"has-post-thumbnail","7":"category-depeches","8":"category-flashinfos","9":"category-kadiogo","10":"category-la-une-aib"},"jetpack_featured_media_url":"https:\/\/i0.wp.com\/www.aib.media\/wp-content\/uploads\/2026\/03\/IMG-20260310-WA01681.jpg?fit=1600%2C1066&ssl=1","jetpack_shortlink":"https:\/\/wp.me\/pavbHe-Ba7","_links":{"self":[{"href":"https:\/\/www.aib.media\/index.php?rest_route=\/wp\/v2\/posts\/142855","targetHints":{"allow":["GET"]}}],"collection":[{"href":"https:\/\/www.aib.media\/index.php?rest_route=\/wp\/v2\/posts"}],"about":[{"href":"https:\/\/www.aib.media\/index.php?rest_route=\/wp\/v2\/types\/post"}],"author":[{"embeddable":true,"href":"https:\/\/www.aib.media\/index.php?rest_route=\/wp\/v2\/users\/15"}],"replies":[{"embeddable":true,"href":"https:\/\/www.aib.media\/index.php?rest_route=%2Fwp%2Fv2%2Fcomments&post=142855"}],"version-history":[{"count":1,"href":"https:\/\/www.aib.media\/index.php?rest_route=\/wp\/v2\/posts\/142855\/revisions"}],"predecessor-version":[{"id":142857,"href":"https:\/\/www.aib.media\/index.php?rest_route=\/wp\/v2\/posts\/142855\/revisions\/142857"}],"wp:featuredmedia":[{"embeddable":true,"href":"https:\/\/www.aib.media\/index.php?rest_route=\/wp\/v2\/media\/142856"}],"wp:attachment":[{"href":"https:\/\/www.aib.media\/index.php?rest_route=%2Fwp%2Fv2%2Fmedia&parent=142855"}],"wp:term":[{"taxonomy":"category","embeddable":true,"href":"https:\/\/www.aib.media\/index.php?rest_route=%2Fwp%2Fv2%2Fcategories&post=142855"},{"taxonomy":"post_tag","embeddable":true,"href":"https:\/\/www.aib.media\/index.php?rest_route=%2Fwp%2Fv2%2Ftags&post=142855"}],"curies":[{"name":"wp","href":"https:\/\/api.w.org\/{rel}","templated":true}]}}