{"id":142849,"date":"2026-03-10T17:01:30","date_gmt":"2026-03-10T17:01:30","guid":{"rendered":"https:\/\/www.aib.media\/?p=142849"},"modified":"2026-03-10T17:01:30","modified_gmt":"2026-03-10T17:01:30","slug":"burkina-lexecution-physique-des-activites-de-leducation-et-de-la-formation-en-hausse-a-9319-en-2025","status":"publish","type":"post","link":"https:\/\/www.aib.media\/?p=142849","title":{"rendered":"Burkina : L\u2019ex\u00e9cution physique des activit\u00e9s de l\u2019\u00c9ducation et de la Formation en hausse \u00e0 93,19 % en 2025"},"content":{"rendered":"<p><strong>Burkina : L\u2019ex\u00e9cution physique des activit\u00e9s de l\u2019\u00c9ducation et de la Formation en hausse \u00e0 93,19 % en 2025<\/strong><\/p>\n<p><strong>Ouagadougou, 10 mars 2026 (AIB)-Le secteur de l\u2019\u00e9ducation et de la formation a enregistr\u00e9 au 31 d\u00e9cembre 2025 un taux moyen d\u2019ex\u00e9cution physique de 93,19 % et un taux d\u2019ex\u00e9cution financi\u00e8re de 88,24 %, contre respectivement 78,85 % et 89,98 % \u00e0 la m\u00eame p\u00e9riode en 2024, selon le Rapport annuel de performance 2025 pr\u00e9sent\u00e9 lors du Cadre sectoriel de dialogue de l\u2019\u00e9ducation et de la formation (CSD-EF).<\/strong><\/p>\n<p>L\u2019ex\u00e9cution physique de 93,19 % et l\u2019ex\u00e9cution financi\u00e8re de 88,24 % pour 2025 constituent une nette am\u00e9lioration par rapport \u00e0 2024, o\u00f9 les taux \u00e9taient respectivement de 78,85 % et 89,98 %, a indiqu\u00e9 le ministre en charge de l\u2019Enseignement de base et pr\u00e9sident du CSD-EF, Pr Moumouni Zoungrana.<br \/>\nSelon le professeur Zoungrana, les principaux acquis de 2021-2025 comprennent la dotation en kits scolaires \u00e0 564 800 \u00e9l\u00e8ves des zones d\u2019accueil des personnes d\u00e9plac\u00e9es internes, l\u2019ouverture de 700 nouvelles structures pr\u00e9scolaires.<\/p>\n<p>A cela s\u2019ajoutent la construction de 13 lyc\u00e9es scientifiques, l\u2019immersion patriotique de 95,52 % des admis au baccalaur\u00e9at, la formation de 7 341 personnes d\u00e9plac\u00e9es internes, veuves de FDS et FDS bless\u00e9s, ainsi que la normalisation des ann\u00e9es acad\u00e9miques dans 92,5 % des fili\u00e8res.<\/p>\n<p>Malgr\u00e9 ces avanc\u00e9es, le pr\u00e9sident du CSD-EF a soulign\u00e9 que des d\u00e9fis demeurent, notamment l\u2019acc\u00e8s \u00e9quitable et inclusif \u00e0 une \u00e9ducation et une formation de qualit\u00e9 adapt\u00e9es aux besoins de l\u2019\u00e9conomie, le renforcement de la gouvernance du syst\u00e8me \u00e9ducatif et l\u2019int\u00e9gration des diff\u00e9rents sous-syst\u00e8mes.<\/p>\n<p>Le cadre sectoriel de dialogue regroupe les minist\u00e8res en charge de l\u2019enseignement de base, secondaire, sup\u00e9rieur et de la jeunesse, ainsi que les partenaires sociaux, les collectivit\u00e9s territoriales, le secteur priv\u00e9 et la soci\u00e9t\u00e9 civile.<\/p>\n<p>Le ministre en charge de l\u2019Enseignement de base et pr\u00e9sident du CSD-EF, Pr Moumouni Zoungrana, a expliqu\u00e9 que la revue sectorielle vise \u00e0 examiner et valider le Rapport annuel de performance 2025, qui pr\u00e9sente le bilan des actions men\u00e9es du 1er janvier au 31 d\u00e9cembre 2025, ainsi que le bilan consolid\u00e9 sur la p\u00e9riode 2021-2025.<\/p>\n<p>Elle doit permettre \u00e9galement de consolider les acquis et de renforcer la synergie entre les acteurs pour faire de l\u2019\u00e9ducation un levier de transformation sociale et \u00e9conomique, a-t-il ajout\u00e9.<br \/>\nLa rencontre permet \u00e9galement d\u2019examiner le Plan d\u2019action sectoriel de d\u00e9veloppement de l\u2019\u00e9ducation et de la formation (PASD-EF) 2026-2028, outil op\u00e9rationnel du Plan Relance 2026-2030.<\/p>\n<p style=\"text-align: right\"><strong>Agence d\u2019information du Burkina<\/strong><br \/>\n<strong>ZAF\/yos<\/strong><\/p>\n","protected":false},"excerpt":{"rendered":"<p>Burkina : L\u2019ex\u00e9cution physique des activit\u00e9s de l\u2019\u00c9ducation et de la Formation en hausse \u00e0 93,19 % en 2025 Ouagadougou, 10 mars 2026 (AIB)-Le secteur de l\u2019\u00e9ducation et de la formation a enregistr\u00e9 au 31 d\u00e9cembre 2025 un taux moyen d\u2019ex\u00e9cution physique de 93,19 % et un taux d\u2019ex\u00e9cution financi\u00e8re de 88,24 %, contre respectivement [&hellip;]<\/p>\n","protected":false},"author":15,"featured_media":142850,"comment_status":"open","ping_status":"open","sticky":false,"template":"","format":"standard","meta":{"advanced_seo_description":"","jetpack_seo_html_title":"","jetpack_seo_noindex":false,"jetpack_post_was_ever_published":false,"footnotes":""},"categories":[173,93,102,203],"tags":[],"class_list":{"0":"post-142849","1":"post","2":"type-post","3":"status-publish","4":"format-standard","5":"has-post-thumbnail","7":"category-depeches","8":"category-flashinfos","9":"category-kadiogo","10":"category-la-une-aib"},"jetpack_featured_media_url":"https:\/\/i0.wp.com\/www.aib.media\/wp-content\/uploads\/2026\/03\/IMG-20260310-WA0160.jpg?fit=1600%2C1066&ssl=1","jetpack_shortlink":"https:\/\/wp.me\/pavbHe-Ba1","_links":{"self":[{"href":"https:\/\/www.aib.media\/index.php?rest_route=\/wp\/v2\/posts\/142849","targetHints":{"allow":["GET"]}}],"collection":[{"href":"https:\/\/www.aib.media\/index.php?rest_route=\/wp\/v2\/posts"}],"about":[{"href":"https:\/\/www.aib.media\/index.php?rest_route=\/wp\/v2\/types\/post"}],"author":[{"embeddable":true,"href":"https:\/\/www.aib.media\/index.php?rest_route=\/wp\/v2\/users\/15"}],"replies":[{"embeddable":true,"href":"https:\/\/www.aib.media\/index.php?rest_route=%2Fwp%2Fv2%2Fcomments&post=142849"}],"version-history":[{"count":1,"href":"https:\/\/www.aib.media\/index.php?rest_route=\/wp\/v2\/posts\/142849\/revisions"}],"predecessor-version":[{"id":142851,"href":"https:\/\/www.aib.media\/index.php?rest_route=\/wp\/v2\/posts\/142849\/revisions\/142851"}],"wp:featuredmedia":[{"embeddable":true,"href":"https:\/\/www.aib.media\/index.php?rest_route=\/wp\/v2\/media\/142850"}],"wp:attachment":[{"href":"https:\/\/www.aib.media\/index.php?rest_route=%2Fwp%2Fv2%2Fmedia&parent=142849"}],"wp:term":[{"taxonomy":"category","embeddable":true,"href":"https:\/\/www.aib.media\/index.php?rest_route=%2Fwp%2Fv2%2Fcategories&post=142849"},{"taxonomy":"post_tag","embeddable":true,"href":"https:\/\/www.aib.media\/index.php?rest_route=%2Fwp%2Fv2%2Ftags&post=142849"}],"curies":[{"name":"wp","href":"https:\/\/api.w.org\/{rel}","templated":true}]}}