{"id":142842,"date":"2026-03-10T16:05:54","date_gmt":"2026-03-10T16:05:54","guid":{"rendered":"https:\/\/www.aib.media\/?p=142842"},"modified":"2026-03-10T16:05:54","modified_gmt":"2026-03-10T16:05:54","slug":"kampti-des-associations-dusagers-de-leau-de-13-villages-renforcent-leurs-capacites","status":"publish","type":"post","link":"https:\/\/www.aib.media\/?p=142842","title":{"rendered":"Kampti : des associations d\u2019usagers de l\u2019eau de 13 villages renforcent leurs capacit\u00e9s"},"content":{"rendered":"<p><strong>Kampti : des associations d\u2019usagers de l\u2019eau de 13 villages renforcent leurs capacit\u00e9s<\/strong><\/p>\n<p><strong>Kampti, 10 mars 2026 (AIB)-Le comit\u00e9 de gestion de l\u2019association Graine de Paix de Kampti a organis\u00e9, le samedi 7 mars 2026, une session de formation au profit des associations des usagers de l\u2019eau (AUE) de treize villages de la commune de Kampti, afin de renforcer leurs capacit\u00e9s dans la gestion du service public de l\u2019eau.<\/strong><\/p>\n<p>\u00c0 l\u2019entame de la rencontre, le pr\u00e9sident du comit\u00e9 de gestion de l\u2019association Graine de Paix, Monsieur Sawadogo Pascal, a pris la parole pour saluer la mobilisation des participants et remercier les formateurs pour leur disponibilit\u00e9. Il a rappel\u00e9 l\u2019importance d\u2019une gestion communautaire responsable des infrastructures hydrauliques afin d\u2019assurer un acc\u00e8s durable \u00e0 l\u2019eau potable dans les villages.<\/p>\n<p>La session de formation a \u00e9t\u00e9 officiellement ouverte par le secr\u00e9taire g\u00e9n\u00e9ral de la mairie de Kampti, Monsieur Bienvenu Compaor\u00e9, qui a f\u00e9licit\u00e9 l\u2019initiative de renforcement des capacit\u00e9s des associations des usagers de l\u2019eau. Il a encourag\u00e9 les participants \u00e0 suivre avec attention les diff\u00e9rents modules afin de mieux assurer la gestion des points d\u2019eau dans leurs localit\u00e9s.<\/p>\n<p>La formation a \u00e9t\u00e9 assur\u00e9e par Monsieur Bienvenu Compaor\u00e9 et Monsieur Palandjet\u00e9 Pal\u00e9, point focal eau de la commune de Kampti. Les communications ont port\u00e9 sur plusieurs th\u00e9matiques majeures, notamment les statuts et r\u00e8glements int\u00e9rieurs des associations des usagers de l\u2019eau, la strat\u00e9gie de gestion du service public de l\u2019eau et les m\u00e9canismes de fixation du prix de l\u2019eau.<\/p>\n<p>Ces modules ont permis d\u2019outiller les responsables des associations sur les bonnes pratiques de gouvernance, de gestion financi\u00e8re et d\u2019entretien des infrastructures hydrauliques.<\/p>\n<p>Au nom des formateurs, Monsieur Bienvenu Compaor\u00e9 a invit\u00e9 les participants \u00e0 s\u2019approprier les connaissances acquises et \u00e0 les mettre en pratique dans leurs diff\u00e9rentes localit\u00e9s afin de garantir la p\u00e9rennit\u00e9 des ouvrages hydrauliques.<\/p>\n<p>S\u2019exprimant au nom des b\u00e9n\u00e9ficiaires, Monsieur Serges Kambou a traduit la reconnaissance des associations des usagers de l\u2019eau \u00e0 l\u2019endroit de l\u2019association Graine de Paix et des formateurs pour cette initiative de renforcement des capacit\u00e9s. Il a assur\u00e9 de l\u2019engagement des participants \u00e0 appliquer les enseignements re\u00e7us pour une meilleure gestion de l\u2019eau dans leurs villages.<\/p>\n<p>Cette session de formation s\u2019inscrit dans la dynamique de promotion d\u2019une gestion participative et durable de l\u2019eau potable dans la commune de Kampti.<\/p>\n<p style=\"text-align: right\"><strong>Agence d\u2019Information du Burkina<\/strong><br \/>\n<strong>HN\/ata<\/strong><\/p>\n","protected":false},"excerpt":{"rendered":"<p>Kampti : des associations d\u2019usagers de l\u2019eau de 13 villages renforcent leurs capacit\u00e9s Kampti, 10 mars 2026 (AIB)-Le comit\u00e9 de gestion de l\u2019association Graine de Paix de Kampti a organis\u00e9, le samedi 7 mars 2026, une session de formation au profit des associations des usagers de l\u2019eau (AUE) de treize villages de la commune de [&hellip;]<\/p>\n","protected":false},"author":15,"featured_media":142843,"comment_status":"open","ping_status":"open","sticky":false,"template":"","format":"standard","meta":{"advanced_seo_description":"","jetpack_seo_html_title":"","jetpack_seo_noindex":false,"jetpack_post_was_ever_published":false,"footnotes":""},"categories":[173,93,203,138],"tags":[],"class_list":{"0":"post-142842","1":"post","2":"type-post","3":"status-publish","4":"format-standard","5":"has-post-thumbnail","7":"category-depeches","8":"category-flashinfos","9":"category-la-une-aib","10":"category-poni"},"jetpack_featured_media_url":"https:\/\/i0.wp.com\/www.aib.media\/wp-content\/uploads\/2026\/03\/IMG-20260310-WA0139.jpg?fit=960%2C432&ssl=1","jetpack_shortlink":"https:\/\/wp.me\/pavbHe-B9U","_links":{"self":[{"href":"https:\/\/www.aib.media\/index.php?rest_route=\/wp\/v2\/posts\/142842","targetHints":{"allow":["GET"]}}],"collection":[{"href":"https:\/\/www.aib.media\/index.php?rest_route=\/wp\/v2\/posts"}],"about":[{"href":"https:\/\/www.aib.media\/index.php?rest_route=\/wp\/v2\/types\/post"}],"author":[{"embeddable":true,"href":"https:\/\/www.aib.media\/index.php?rest_route=\/wp\/v2\/users\/15"}],"replies":[{"embeddable":true,"href":"https:\/\/www.aib.media\/index.php?rest_route=%2Fwp%2Fv2%2Fcomments&post=142842"}],"version-history":[{"count":1,"href":"https:\/\/www.aib.media\/index.php?rest_route=\/wp\/v2\/posts\/142842\/revisions"}],"predecessor-version":[{"id":142844,"href":"https:\/\/www.aib.media\/index.php?rest_route=\/wp\/v2\/posts\/142842\/revisions\/142844"}],"wp:featuredmedia":[{"embeddable":true,"href":"https:\/\/www.aib.media\/index.php?rest_route=\/wp\/v2\/media\/142843"}],"wp:attachment":[{"href":"https:\/\/www.aib.media\/index.php?rest_route=%2Fwp%2Fv2%2Fmedia&parent=142842"}],"wp:term":[{"taxonomy":"category","embeddable":true,"href":"https:\/\/www.aib.media\/index.php?rest_route=%2Fwp%2Fv2%2Fcategories&post=142842"},{"taxonomy":"post_tag","embeddable":true,"href":"https:\/\/www.aib.media\/index.php?rest_route=%2Fwp%2Fv2%2Ftags&post=142842"}],"curies":[{"name":"wp","href":"https:\/\/api.w.org\/{rel}","templated":true}]}}