{"id":142812,"date":"2026-03-10T12:55:25","date_gmt":"2026-03-10T12:55:25","guid":{"rendered":"https:\/\/www.aib.media\/?p=142812"},"modified":"2026-03-10T12:55:25","modified_gmt":"2026-03-10T12:55:25","slug":"yaadga-le-ministre-jacques-sosthene-dingara-encourage-les-acteurs-pour-la-realisation-des-reformes-a-hauteur-de-80","status":"publish","type":"post","link":"https:\/\/www.aib.media\/?p=142812","title":{"rendered":"Yaadga : le ministre Jacques Sosth\u00e8ne Dingara encourage les acteurs pour la r\u00e9alisation des r\u00e9formes \u00e0 hauteur de 80 %"},"content":{"rendered":"<p><strong>Yaadga : le ministre Jacques Sosth\u00e8ne Dingara encourage les acteurs pour la r\u00e9alisation des r\u00e9formes \u00e0 hauteur de 80 %<\/strong><\/p>\n<p><strong>Ouahigouya, 9 mars 2026 (AIB)-Le ministre de l\u2019Enseignement de base, de l\u2019Alphab\u00e9tisation et de la Promotion des langues nationales (MEBAPLN), Jacques Sosth\u00e8ne Dingara, a \u00e9chang\u00e9 ce lundi matin \u00e0 Ouahigouya avec la communaut\u00e9 \u00e9ducative et les corps constitu\u00e9s dans la salle des f\u00eates de l\u2019h\u00f4tel de ville sur les r\u00e9formes \u00e9ducatives engag\u00e9es par son d\u00e9partement, a constat\u00e9 l\u2019AIB.<\/strong><\/p>\n<p>Le ministre Dingara \u00e9tait entour\u00e9 de ses collaborateurs et de l\u2019ensemble des corps constitu\u00e9s de la r\u00e9gion du Yaadga, conduits par le gouverneur Thomas Yampa. Avant la s\u00e9ance d\u2019\u00e9changes directs, le directeur r\u00e9gional de l\u2019\u00e9ducation pr\u00e9scolaire, primaire et non formelle du Yaadga, Pascal Waongo, a fait une pr\u00e9sentation sur les r\u00e9formes \u00e9ducatives dans la r\u00e9gion, notamment les jardins scolaires, l\u2019enseignement de l\u2019anglais, l\u2019initiation aux TIC et aux m\u00e9tiers.<\/p>\n<p>\u00c0 l\u2019en croire, c\u2019est un monde \u00e9ducatif r\u00e9solument engag\u00e9 et d\u00e9termin\u00e9 qui se met \u00e0 l\u2019\u0153uvre pour la r\u00e9ussite des r\u00e9formes. Malgr\u00e9 quelques insuffisances mat\u00e9rielles et techniques, les acteurs se montrent dispos\u00e9s \u00e0 conjuguer au pr\u00e9sent les actions \u00e9ducatives impuls\u00e9es par les plus hautes autorit\u00e9s du Burkina Faso, a soutenu le directeur r\u00e9gional.<br \/>\nMarcel Guigma, de la Direction g\u00e9n\u00e9rale de l\u2019\u00e9ducation de qualit\u00e9, a propos\u00e9 des solutions \u00e0 l\u2019issue de l\u2019expos\u00e9 du directeur r\u00e9gional. \u00c0 cet effet, il a sugg\u00e9r\u00e9 la pratique de la culture hors-sol, l\u2019autoformation ainsi que la mutualisation des connaissances et du personnel.<br \/>\nJacques Sosth\u00e8ne Dingara, apr\u00e8s avoir encourag\u00e9 tous les acteurs de la cha\u00eene \u00e9ducative du Yaadga, a adress\u00e9 une mention sp\u00e9ciale \u00e0 l\u2019ensemble de la communaut\u00e9 \u00e9ducative au regard du taux de r\u00e9alisation des r\u00e9formes, estim\u00e9 \u00e0 80 %. Pour le premier responsable de l\u2019enseignement de base, \u00ab il s\u2019agit d\u2019un personnel qui ne m\u00e9nage aucun effort pour l\u2019atteinte des objectifs, notamment le retour d\u00e9finitif \u00e0 nos valeurs locales longtemps n\u00e9glig\u00e9es \u00bb.<\/p>\n<p>Profitant de l\u2019occasion, le ministre Jacques Sosth\u00e8ne Dingara a annonc\u00e9 une acc\u00e9l\u00e9ration du traitement des dossiers afin de mieux assainir les carri\u00e8res des agents du MEBAPLN et garantir ainsi un succ\u00e8s durable dans l\u2019\u00e9ducation de la nouvelle g\u00e9n\u00e9ration de jeunes Burkinab\u00e8.<\/p>\n<p style=\"text-align: right\"><strong>Agence d\u2019Information du Burkina<\/strong><br \/>\n<strong>KNI\/PN\/AS\/ATA<\/strong><\/p>\n","protected":false},"excerpt":{"rendered":"<p>Yaadga : le ministre Jacques Sosth\u00e8ne Dingara encourage les acteurs pour la r\u00e9alisation des r\u00e9formes \u00e0 hauteur de 80 % Ouahigouya, 9 mars 2026 (AIB)-Le ministre de l\u2019Enseignement de base, de l\u2019Alphab\u00e9tisation et de la Promotion des langues nationales (MEBAPLN), Jacques Sosth\u00e8ne Dingara, a \u00e9chang\u00e9 ce lundi matin \u00e0 Ouahigouya avec la communaut\u00e9 \u00e9ducative et [&hellip;]<\/p>\n","protected":false},"author":15,"featured_media":142814,"comment_status":"open","ping_status":"open","sticky":false,"template":"","format":"standard","meta":{"advanced_seo_description":"","jetpack_seo_html_title":"","jetpack_seo_noindex":false,"jetpack_post_was_ever_published":false,"footnotes":""},"categories":[173,93,203,126],"tags":[],"class_list":{"0":"post-142812","1":"post","2":"type-post","3":"status-publish","4":"format-standard","5":"has-post-thumbnail","7":"category-depeches","8":"category-flashinfos","9":"category-la-une-aib","10":"category-yatenga"},"jetpack_featured_media_url":"https:\/\/i0.wp.com\/www.aib.media\/wp-content\/uploads\/2026\/03\/IMG-20260310-WA0055.jpg?fit=1080%2C739&ssl=1","jetpack_shortlink":"https:\/\/wp.me\/pavbHe-B9q","_links":{"self":[{"href":"https:\/\/www.aib.media\/index.php?rest_route=\/wp\/v2\/posts\/142812","targetHints":{"allow":["GET"]}}],"collection":[{"href":"https:\/\/www.aib.media\/index.php?rest_route=\/wp\/v2\/posts"}],"about":[{"href":"https:\/\/www.aib.media\/index.php?rest_route=\/wp\/v2\/types\/post"}],"author":[{"embeddable":true,"href":"https:\/\/www.aib.media\/index.php?rest_route=\/wp\/v2\/users\/15"}],"replies":[{"embeddable":true,"href":"https:\/\/www.aib.media\/index.php?rest_route=%2Fwp%2Fv2%2Fcomments&post=142812"}],"version-history":[{"count":1,"href":"https:\/\/www.aib.media\/index.php?rest_route=\/wp\/v2\/posts\/142812\/revisions"}],"predecessor-version":[{"id":142815,"href":"https:\/\/www.aib.media\/index.php?rest_route=\/wp\/v2\/posts\/142812\/revisions\/142815"}],"wp:featuredmedia":[{"embeddable":true,"href":"https:\/\/www.aib.media\/index.php?rest_route=\/wp\/v2\/media\/142814"}],"wp:attachment":[{"href":"https:\/\/www.aib.media\/index.php?rest_route=%2Fwp%2Fv2%2Fmedia&parent=142812"}],"wp:term":[{"taxonomy":"category","embeddable":true,"href":"https:\/\/www.aib.media\/index.php?rest_route=%2Fwp%2Fv2%2Fcategories&post=142812"},{"taxonomy":"post_tag","embeddable":true,"href":"https:\/\/www.aib.media\/index.php?rest_route=%2Fwp%2Fv2%2Ftags&post=142812"}],"curies":[{"name":"wp","href":"https:\/\/api.w.org\/{rel}","templated":true}]}}