{"id":142807,"date":"2026-03-10T12:59:53","date_gmt":"2026-03-10T12:59:53","guid":{"rendered":"https:\/\/www.aib.media\/?p=142807"},"modified":"2026-03-10T12:59:53","modified_gmt":"2026-03-10T12:59:53","slug":"koubri-le-pds-de-koubri-rend-hommage-au-courage-et-a-la-resilience-des-femmes-commercantes","status":"publish","type":"post","link":"https:\/\/www.aib.media\/?p=142807","title":{"rendered":"Koubri : le PDS de Koubri rend hommage au courage et \u00e0 la r\u00e9silience des femmes commer\u00e7antes"},"content":{"rendered":"<p>Koubri : le PDS de Koubri rend hommage au courage et \u00e0 la r\u00e9silience des femmes commer\u00e7antes<\/p>\n<p>Koubri, 9 mars 2026 (AIB)-\u00c0 l\u2019occasion de la comm\u00e9moration de la Journ\u00e9e internationale des droits des femmes, c\u00e9l\u00e9br\u00e9e le 8 mars de chaque ann\u00e9e \u00e0 travers le monde, le pr\u00e9sident de la d\u00e9l\u00e9gation sp\u00e9ciale (PDS) de Koubri, M. Samad\u00e9 L\u00e9onard Gougou, accompagn\u00e9 du secr\u00e9taire g\u00e9n\u00e9ral de la mairie, Mahamadou Nonkouni, a effectu\u00e9, ce lundi 9 mars 2026, une visite de courtoisie et de reconnaissance au comptoir de la poissonnerie de la localit\u00e9.<\/p>\n<p>Cette sortie s\u2019inscrit dans une dynamique de valorisation du r\u00f4le d\u00e9terminant des femmes dans le d\u00e9veloppement \u00e9conomique et social de la commune. Elle visait principalement \u00e0 encourager et \u00e0 f\u00e9liciter les femmes vendeuses de fruits et l\u00e9gumes, ainsi que les vendeuses et transformatrices de poissons, pour leur contribution remarquable \u00e0 l\u2019\u00e9conomie locale et \u00e0 la s\u00e9curit\u00e9 alimentaire des populations.<\/p>\n<p>Par leur travail quotidien, souvent men\u00e9 avec courage, abn\u00e9gation et pers\u00e9v\u00e9rance, ces femmes constituent un maillon essentiel de la cha\u00eene de valorisation des produits halieutiques et participent activement au dynamisme des activit\u00e9s commerciales de la commune.<\/p>\n<p>S\u2019adressant \u00e0 ces actrices de l\u2019\u00e9conomie locale, le PDS a salu\u00e9 leur bravoure, leur r\u00e9silience et leur sens du sacrifice. Il a soulign\u00e9 que la c\u00e9l\u00e9bration du 8 mars ne se limite pas \u00e0 un moment festif, mais repr\u00e9sente avant tout une journ\u00e9e de reconnaissance des luttes men\u00e9es par les femmes \u00e0 travers le monde pour la justice sociale, l\u2019\u00e9galit\u00e9 des chances, la dignit\u00e9 et l\u2019am\u00e9lioration de leurs conditions de vie.<\/p>\n<p>Il les a ainsi exhort\u00e9es \u00e0 poursuivre leurs efforts tout en renfor\u00e7ant la solidarit\u00e9, l\u2019union, la coh\u00e9sion et l\u2019organisation au sein de leurs groupements afin de consolider leur autonomie \u00e9conomique et leur influence dans le tissu socio-\u00e9conomique local.<\/p>\n<p>Prenant la parole au nom des b\u00e9n\u00e9ficiaires, la coordinatrice d\u00e9partementale des femmes, Mme Korotimi Sakana, a exprim\u00e9 la profonde gratitude des commer\u00e7antes pour cette marque d\u2019attention et de consid\u00e9ration des autorit\u00e9s communales. Elle a \u00e9galement saisi l\u2019occasion pour soumettre quelques dol\u00e9ances visant l\u2019am\u00e9lioration de leurs conditions de travail.<\/p>\n<p>\u00c0 l\u2019\u00e9coute de ces pr\u00e9occupations, le PDS a rassur\u00e9 les femmes de la disponibilit\u00e9 des autorit\u00e9s communales \u00e0 examiner avec attention leurs requ\u00eates afin d\u2019apporter, dans la mesure du possible, des r\u00e9ponses appropri\u00e9es.<\/p>\n<p>Cette visite t\u00e9moigne de la volont\u00e9 des autorit\u00e9s de la commune de Koubri de reconna\u00eetre la valeur du travail des femmes, v\u00e9ritables piliers du d\u00e9veloppement local et actrices incontournables de la transformation \u00e9conomique et sociale.<\/p>\n<p>Agence d\u2019information du Burkina<\/p>\n","protected":false},"excerpt":{"rendered":"<p>Koubri : le PDS de Koubri rend hommage au courage et \u00e0 la r\u00e9silience des femmes commer\u00e7antes Koubri, 9 mars 2026 (AIB)-\u00c0 l\u2019occasion de la comm\u00e9moration de la Journ\u00e9e internationale des droits des femmes, c\u00e9l\u00e9br\u00e9e le 8 mars de chaque ann\u00e9e \u00e0 travers le monde, le pr\u00e9sident de la d\u00e9l\u00e9gation sp\u00e9ciale (PDS) de Koubri, M. [&hellip;]<\/p>\n","protected":false},"author":13,"featured_media":142816,"comment_status":"open","ping_status":"open","sticky":false,"template":"","format":"standard","meta":{"advanced_seo_description":"","jetpack_seo_html_title":"","jetpack_seo_noindex":false,"jetpack_post_was_ever_published":false,"footnotes":""},"categories":[42,173,93,102,203,36],"tags":[],"class_list":{"0":"post-142807","1":"post","2":"type-post","3":"status-publish","4":"format-standard","5":"has-post-thumbnail","7":"category-centre","8":"category-depeches","9":"category-flashinfos","10":"category-kadiogo","11":"category-la-une-aib","12":"category-societe"},"jetpack_featured_media_url":"https:\/\/i0.wp.com\/www.aib.media\/wp-content\/uploads\/2026\/03\/WhatsApp-Image-2026-03-10-at-12.49.50.jpeg?fit=720%2C540&ssl=1","jetpack_shortlink":"https:\/\/wp.me\/pavbHe-B9l","_links":{"self":[{"href":"https:\/\/www.aib.media\/index.php?rest_route=\/wp\/v2\/posts\/142807","targetHints":{"allow":["GET"]}}],"collection":[{"href":"https:\/\/www.aib.media\/index.php?rest_route=\/wp\/v2\/posts"}],"about":[{"href":"https:\/\/www.aib.media\/index.php?rest_route=\/wp\/v2\/types\/post"}],"author":[{"embeddable":true,"href":"https:\/\/www.aib.media\/index.php?rest_route=\/wp\/v2\/users\/13"}],"replies":[{"embeddable":true,"href":"https:\/\/www.aib.media\/index.php?rest_route=%2Fwp%2Fv2%2Fcomments&post=142807"}],"version-history":[{"count":1,"href":"https:\/\/www.aib.media\/index.php?rest_route=\/wp\/v2\/posts\/142807\/revisions"}],"predecessor-version":[{"id":142817,"href":"https:\/\/www.aib.media\/index.php?rest_route=\/wp\/v2\/posts\/142807\/revisions\/142817"}],"wp:featuredmedia":[{"embeddable":true,"href":"https:\/\/www.aib.media\/index.php?rest_route=\/wp\/v2\/media\/142816"}],"wp:attachment":[{"href":"https:\/\/www.aib.media\/index.php?rest_route=%2Fwp%2Fv2%2Fmedia&parent=142807"}],"wp:term":[{"taxonomy":"category","embeddable":true,"href":"https:\/\/www.aib.media\/index.php?rest_route=%2Fwp%2Fv2%2Fcategories&post=142807"},{"taxonomy":"post_tag","embeddable":true,"href":"https:\/\/www.aib.media\/index.php?rest_route=%2Fwp%2Fv2%2Ftags&post=142807"}],"curies":[{"name":"wp","href":"https:\/\/api.w.org\/{rel}","templated":true}]}}