{"id":142806,"date":"2026-03-10T12:48:20","date_gmt":"2026-03-10T12:48:20","guid":{"rendered":"https:\/\/www.aib.media\/?p=142806"},"modified":"2026-03-10T12:48:20","modified_gmt":"2026-03-10T12:48:20","slug":"ziniare-la-gouverneure-initie-une-rupture-collective-au-profit-des-chretiens-et-des-musulmans","status":"publish","type":"post","link":"https:\/\/www.aib.media\/?p=142806","title":{"rendered":"Ziniar\u00e9 : la gouverneure initie une rupture collective au profit des chr\u00e9tiens et des musulmans"},"content":{"rendered":"<p><strong>Ziniar\u00e9 : la gouverneure initie une rupture collective au profit des chr\u00e9tiens et des musulmans<\/strong><\/p>\n<p><strong>Ziniar\u00e9, 9 mars 2026 (AIB) \u2013 La gouverneure de la r\u00e9gion de l\u2019Oubri, Hadja Ass\u00e9tou Sy Barry\/Traor\u00e9, a organis\u00e9 lundi, \u00e0 sa r\u00e9sidence \u00e0 Ziniar\u00e9, une rupture collective du je\u00fbne musulman et du car\u00eame chr\u00e9tien, r\u00e9unissant des fid\u00e8les des deux confessions et des autorit\u00e9s administratives autour d\u2019un repas fraternel.<\/strong><\/p>\n<p>Cette initiative, tenue dans un contexte de p\u00e9nitence partag\u00e9 par les communaut\u00e9s religieuses, vise \u00e0 renforcer la coh\u00e9sion sociale et la concorde interreligieuse. \u00ab Au-del\u00e0 du rassemblement, l\u2019initiative place l\u2019entente et la coh\u00e9sion sociale au c\u0153ur de l\u2019action administrative. C\u2019est aussi une occasion de prier pour notre pays \u00bb, a confi\u00e9 Pascal Compaor\u00e9, fid\u00e8le chr\u00e9tien participant pour la troisi\u00e8me fois \u00e0 l\u2019\u00e9v\u00e9nement.<\/p>\n<p>Pour l\u2019imam Cheick Sa\u00efdou Tapsoba, pr\u00e9dicateur et guide musulman, l\u2019action est \u00ab b\u00e9n\u00e9fique \u00bb et conforme aux valeurs de l\u2019islam qui \u00ab enjoint \u00e0 \u0153uvrer pour la coh\u00e9sion sociale et la concorde \u00bb. Il a salu\u00e9 une initiative devenue \u00ab une tradition \u00bb pour la gouverneure.<\/p>\n<p>La gouverneure a, pour sa part, expliqu\u00e9 que cette rencontre r\u00e9pond \u00e0 une volont\u00e9 de communion et de pri\u00e8re commune. \u00ab C\u2019est une chance que le car\u00eame des chr\u00e9tiens et le je\u00fbne des musulmans co\u00efncident. Nous avons voulu fraterniser, demander pardon \u00e0 Dieu, partager un repas et prier pour le retour de la paix \u00bb, a-t-elle indiqu\u00e9, invitant \u00e0 la solidarit\u00e9 et au partage.<\/p>\n<p>Apr\u00e8s la rupture, les participants ont partag\u00e9 des repas et \u00e9lev\u00e9 des pri\u00e8res pour la paix et la stabilit\u00e9 au Burkina Faso, r\u00e9affirmant l\u2019importance du vivre-ensemble et de la solidarit\u00e9 entre les communaut\u00e9s religieuses.<\/p>\n<p style=\"text-align: right\"><strong>Agence d\u2019information du Burkina<\/strong><br \/>\n<strong>LC\/ata<\/strong><\/p>\n","protected":false},"excerpt":{"rendered":"<p>Ziniar\u00e9 : la gouverneure initie une rupture collective au profit des chr\u00e9tiens et des musulmans Ziniar\u00e9, 9 mars 2026 (AIB) \u2013 La gouverneure de la r\u00e9gion de l\u2019Oubri, Hadja Ass\u00e9tou Sy Barry\/Traor\u00e9, a organis\u00e9 lundi, \u00e0 sa r\u00e9sidence \u00e0 Ziniar\u00e9, une rupture collective du je\u00fbne musulman et du car\u00eame chr\u00e9tien, r\u00e9unissant des fid\u00e8les des deux [&hellip;]<\/p>\n","protected":false},"author":15,"featured_media":142808,"comment_status":"open","ping_status":"open","sticky":false,"template":"","format":"standard","meta":{"advanced_seo_description":"","jetpack_seo_html_title":"","jetpack_seo_noindex":false,"jetpack_post_was_ever_published":false,"footnotes":""},"categories":[173,93,203,130],"tags":[],"class_list":{"0":"post-142806","1":"post","2":"type-post","3":"status-publish","4":"format-standard","5":"has-post-thumbnail","7":"category-depeches","8":"category-flashinfos","9":"category-la-une-aib","10":"category-oubritenga"},"jetpack_featured_media_url":"https:\/\/i0.wp.com\/www.aib.media\/wp-content\/uploads\/2026\/03\/IMG-20260310-WA00712.jpg?fit=1080%2C810&ssl=1","jetpack_shortlink":"https:\/\/wp.me\/pavbHe-B9k","_links":{"self":[{"href":"https:\/\/www.aib.media\/index.php?rest_route=\/wp\/v2\/posts\/142806","targetHints":{"allow":["GET"]}}],"collection":[{"href":"https:\/\/www.aib.media\/index.php?rest_route=\/wp\/v2\/posts"}],"about":[{"href":"https:\/\/www.aib.media\/index.php?rest_route=\/wp\/v2\/types\/post"}],"author":[{"embeddable":true,"href":"https:\/\/www.aib.media\/index.php?rest_route=\/wp\/v2\/users\/15"}],"replies":[{"embeddable":true,"href":"https:\/\/www.aib.media\/index.php?rest_route=%2Fwp%2Fv2%2Fcomments&post=142806"}],"version-history":[{"count":1,"href":"https:\/\/www.aib.media\/index.php?rest_route=\/wp\/v2\/posts\/142806\/revisions"}],"predecessor-version":[{"id":142809,"href":"https:\/\/www.aib.media\/index.php?rest_route=\/wp\/v2\/posts\/142806\/revisions\/142809"}],"wp:featuredmedia":[{"embeddable":true,"href":"https:\/\/www.aib.media\/index.php?rest_route=\/wp\/v2\/media\/142808"}],"wp:attachment":[{"href":"https:\/\/www.aib.media\/index.php?rest_route=%2Fwp%2Fv2%2Fmedia&parent=142806"}],"wp:term":[{"taxonomy":"category","embeddable":true,"href":"https:\/\/www.aib.media\/index.php?rest_route=%2Fwp%2Fv2%2Fcategories&post=142806"},{"taxonomy":"post_tag","embeddable":true,"href":"https:\/\/www.aib.media\/index.php?rest_route=%2Fwp%2Fv2%2Ftags&post=142806"}],"curies":[{"name":"wp","href":"https:\/\/api.w.org\/{rel}","templated":true}]}}