{"id":142803,"date":"2026-03-10T12:44:59","date_gmt":"2026-03-10T12:44:59","guid":{"rendered":"https:\/\/www.aib.media\/?p=142803"},"modified":"2026-03-10T12:44:59","modified_gmt":"2026-03-10T12:44:59","slug":"manni-la-saison-sportive-2026-de-loscep-officiellement-lancee","status":"publish","type":"post","link":"https:\/\/www.aib.media\/?p=142803","title":{"rendered":"Manni : la saison sportive 2026 de l\u2019OSCEP officiellement lanc\u00e9e"},"content":{"rendered":"<p><strong>Manni : la saison sportive 2026 de l\u2019OSCEP officiellement lanc\u00e9e<\/strong><\/p>\n<p><strong>Manni, 7 mars 2026 (AIB)-La Circonscription d\u2019\u00c9ducation de Base (CEB) de Manni a proc\u00e9d\u00e9, samedi matin, au lancement officiel de la saison sportive 2026 de l\u2019Organisation du sport et de la culture \u00e0 l\u2019\u00e9cole primaire (OSCEP), sur le terrain communal de la localit\u00e9.<\/strong><\/p>\n<p>La c\u00e9r\u00e9monie s\u2019est tenue en pr\u00e9sence du pr\u00e9fet, pr\u00e9sident de la d\u00e9l\u00e9gation sp\u00e9ciale communale de Manni, Emmanuel Tindano, ainsi que des autorit\u00e9s administratives, coutumi\u00e8res, religieuses et militaires, des acteurs du monde \u00e9ducatif, des \u00e9l\u00e8ves et des parents d\u2019\u00e9l\u00e8ves.<\/p>\n<p>Pour marquer l\u2019ouverture de la saison, les diff\u00e9rentes \u00e9coles primaires de la commune ont effectu\u00e9 un d\u00e9fil\u00e9 d\u2019ensemble dans une ambiance empreinte de civisme et de convivialit\u00e9.<br \/>\nDans son allocution, le chef de la Circonscription d\u2019\u00c9ducation de Base (CCEB) de Manni a rappel\u00e9 que le sport scolaire contribue \u00e0 la formation int\u00e9grale de l\u2019enfant en d\u00e9veloppant chez les apprenants l\u2019esprit d\u2019\u00e9quipe, la discipline et le respect des r\u00e8gles.<br \/>\n\u00ab Le sport scolaire participe \u00e0 la formation de citoyens \u00e9quilibr\u00e9s, responsables et solidaires \u00bb, a-t-il indiqu\u00e9, invitant les \u00e9l\u00e8ves \u00e0 pratiquer les diff\u00e9rentes disciplines dans un esprit de fair-play.<\/p>\n<p>La c\u00e9r\u00e9monie a \u00e9t\u00e9 marqu\u00e9e par un match de gala opposant les \u00e9quipes des \u00e9coles Manni A et Manni B, qui s\u2019est sold\u00e9 par un score nul dans une ambiance de fraternit\u00e9.<\/p>\n<p>Les comp\u00e9titions de l\u2019OSCEP se poursuivront dans les semaines \u00e0 venir avec la participation des \u00e9coles primaires de la circonscription.<\/p>\n<p style=\"text-align: right\"><strong>Agence d\u2019information du Burkina<\/strong><br \/>\n<strong>LG\/yot\/ata<\/strong><\/p>\n","protected":false},"excerpt":{"rendered":"<p>Manni : la saison sportive 2026 de l\u2019OSCEP officiellement lanc\u00e9e Manni, 7 mars 2026 (AIB)-La Circonscription d\u2019\u00c9ducation de Base (CEB) de Manni a proc\u00e9d\u00e9, samedi matin, au lancement officiel de la saison sportive 2026 de l\u2019Organisation du sport et de la culture \u00e0 l\u2019\u00e9cole primaire (OSCEP), sur le terrain communal de la localit\u00e9. La c\u00e9r\u00e9monie [&hellip;]<\/p>\n","protected":false},"author":15,"featured_media":142804,"comment_status":"open","ping_status":"open","sticky":false,"template":"","format":"standard","meta":{"advanced_seo_description":"","jetpack_seo_html_title":"","jetpack_seo_noindex":false,"jetpack_post_was_ever_published":false,"footnotes":""},"categories":[173,93,116,203],"tags":[],"class_list":{"0":"post-142803","1":"post","2":"type-post","3":"status-publish","4":"format-standard","5":"has-post-thumbnail","7":"category-depeches","8":"category-flashinfos","9":"category-gnagna","10":"category-la-une-aib"},"jetpack_featured_media_url":"https:\/\/i0.wp.com\/www.aib.media\/wp-content\/uploads\/2026\/03\/IMG-20260310-WA00762.jpg?fit=1006%2C446&ssl=1","jetpack_shortlink":"https:\/\/wp.me\/pavbHe-B9h","_links":{"self":[{"href":"https:\/\/www.aib.media\/index.php?rest_route=\/wp\/v2\/posts\/142803","targetHints":{"allow":["GET"]}}],"collection":[{"href":"https:\/\/www.aib.media\/index.php?rest_route=\/wp\/v2\/posts"}],"about":[{"href":"https:\/\/www.aib.media\/index.php?rest_route=\/wp\/v2\/types\/post"}],"author":[{"embeddable":true,"href":"https:\/\/www.aib.media\/index.php?rest_route=\/wp\/v2\/users\/15"}],"replies":[{"embeddable":true,"href":"https:\/\/www.aib.media\/index.php?rest_route=%2Fwp%2Fv2%2Fcomments&post=142803"}],"version-history":[{"count":1,"href":"https:\/\/www.aib.media\/index.php?rest_route=\/wp\/v2\/posts\/142803\/revisions"}],"predecessor-version":[{"id":142805,"href":"https:\/\/www.aib.media\/index.php?rest_route=\/wp\/v2\/posts\/142803\/revisions\/142805"}],"wp:featuredmedia":[{"embeddable":true,"href":"https:\/\/www.aib.media\/index.php?rest_route=\/wp\/v2\/media\/142804"}],"wp:attachment":[{"href":"https:\/\/www.aib.media\/index.php?rest_route=%2Fwp%2Fv2%2Fmedia&parent=142803"}],"wp:term":[{"taxonomy":"category","embeddable":true,"href":"https:\/\/www.aib.media\/index.php?rest_route=%2Fwp%2Fv2%2Fcategories&post=142803"},{"taxonomy":"post_tag","embeddable":true,"href":"https:\/\/www.aib.media\/index.php?rest_route=%2Fwp%2Fv2%2Ftags&post=142803"}],"curies":[{"name":"wp","href":"https:\/\/api.w.org\/{rel}","templated":true}]}}