{"id":142756,"date":"2026-03-10T09:41:24","date_gmt":"2026-03-10T09:41:24","guid":{"rendered":"https:\/\/www.aib.media\/?p=142756"},"modified":"2026-03-10T09:41:24","modified_gmt":"2026-03-10T09:41:24","slug":"142756","status":"publish","type":"post","link":"https:\/\/www.aib.media\/?p=142756","title":{"rendered":""},"content":{"rendered":"<p>Burkina &#8211; Ioba &#8211; Initiatives &#8211; Pr\u00e9sidentielles<\/p>\n<p><strong>Ioba : Plus de 560.000 F CFA et des tonnes de ciment enregistr\u00e9s au lancement de l\u2019agence Faso M\u00eabo<\/strong><\/p>\n<p><strong>Dano, 9 mars 2026 (AIB) &#8211; Le haut-commissaire de la province du Ioba, Innocents Ouattara, a officiellement lanc\u00e9 la r\u00e9ception des dons au profit de l\u2019initiative pr\u00e9sidentielle Faso M\u00eabo \u00e0 l\u2019issue de la mont\u00e9e des couleurs nationales, le lundi 9 mars 2026 \u00e0 Dano.<\/strong><\/p>\n<p>A l\u2019occasion, une somme de 564.800 francs CFA et plus de 08 tonnes de ciment ont \u00e9t\u00e9 enregistr\u00e9es. La c\u00e9r\u00e9monie s\u2019est d\u00e9roul\u00e9e dans l\u2019enceinte du haut-commissariat de Dano en pr\u00e9sence des corps constitu\u00e9s et des Forces vives de la province.<\/p>\n<p>Le haut-commissaire de la province du Ioba, Innocents Ouattara a fait un rappel des fondements de l\u2019initiative pr\u00e9sidentielle Faso M\u00eabo qui signifie \u00ab le Burkina se construit \u00bb. \u00ab Cette initiative nous rappelle que le d\u00e9veloppement de notre pays repose sur la contribution volontaire de chacun de ses fils et filles. Appel \u00e0 contribution lanc\u00e9 dans ce cadre est une invite \u00e0 unir nos efforts afin d\u2019accompagner les actions entreprises pour le bien-\u00eatre des populations et le renforcement de la coh\u00e9sion sociale \u00bb, a dit Innocents Ouattara. La mise en \u0153uvre de Faso M\u00eabo a suscit\u00e9 beaucoup d\u2019engouement au sein des populations, a-t-on constat\u00e9.<\/p>\n<p>Dans la r\u00e9gion du Dj\u00f4r\u00f4, la r\u00e9ception des dons a d\u00e9but\u00e9 le 24 octobre 2025 tandis que le lancement des travaux est intervenu le 21 f\u00e9vrier dernier \u00e0 Gaoua.<br \/>\nA l\u2019instar des autres localit\u00e9s, les autorit\u00e9s provinciales du Ioba ont ainsi donn\u00e9 le coup d\u2019envoi de la collecte des dons dans la province afin de susciter une mobilisation collective autour de cette noble cause. \u00ab Je voudrais lancer un appel solennel aux services publics et priv\u00e9s, aux op\u00e9rateurs \u00e9conomiques, aux organisations de la soci\u00e9t\u00e9 civile, aux leaders communautaires et religieux, \u00e0 l\u2019ensemble des citoyens de la province afin que chacun, selon ses moyens, apporte sa contribution \u00e0 cette initiative \u00bb, a exhort\u00e9 le haut-commissaire du Ioba.<\/p>\n<p>M. Ouattara a rassur\u00e9 tous les donateurs que les contributions seront re\u00e7ues et g\u00e9r\u00e9es en toute transparence et responsabilit\u00e9 dans l\u2019ordre et la discipline par le comit\u00e9 provincial mis en place \u00e0 cet effet. Au terme du lancement, le comit\u00e9 a enregistr\u00e9 des dons compos\u00e9s de 564 800 francs CFA, 8 tonnes et 13 sacs de ciment, 6 brouettes, six pelles, deux pioches et deux plats de ma\u00efs.<\/p>\n<p>Les dons en nature et esp\u00e8ce sont recevables au haut-commissariat de Dano tous les jours ouvrables. Le premier responsable de la province du Ioba a remerci\u00e9 l\u2019ensemble des corps constitu\u00e9s pour leur mobilisation constante et leur adh\u00e9sion aux diff\u00e9rentes initiatives visant l\u2019am\u00e9lioration des conditions de vie des populations.<\/p>\n<p style=\"text-align: right\">\n<strong>Agence d\u2019information du Burkina <\/strong><br \/>\n<strong>SZ-dnk<\/strong><\/p>\n","protected":false},"excerpt":{"rendered":"<p>Burkina &#8211; Ioba &#8211; Initiatives &#8211; Pr\u00e9sidentielles Ioba : Plus de 560.000 F CFA et des tonnes de ciment enregistr\u00e9s au lancement de l\u2019agence Faso M\u00eabo Dano, 9 mars 2026 (AIB) &#8211; Le haut-commissaire de la province du Ioba, Innocents Ouattara, a officiellement lanc\u00e9 la r\u00e9ception des dons au profit de l\u2019initiative pr\u00e9sidentielle Faso M\u00eabo [&hellip;]<\/p>\n","protected":false},"author":21,"featured_media":142757,"comment_status":"open","ping_status":"open","sticky":false,"template":"","format":"standard","meta":{"advanced_seo_description":"","jetpack_seo_html_title":"","jetpack_seo_noindex":false,"jetpack_post_was_ever_published":false,"footnotes":""},"categories":[173,93,136,203,36,54],"tags":[],"class_list":{"0":"post-142756","1":"post","2":"type-post","3":"status-publish","4":"format-standard","5":"has-post-thumbnail","7":"category-depeches","8":"category-flashinfos","9":"category-ioba","10":"category-la-une-aib","11":"category-societe","12":"category-sud-ouest"},"jetpack_featured_media_url":"https:\/\/i0.wp.com\/www.aib.media\/wp-content\/uploads\/2026\/03\/32.jpeg?fit=1080%2C810&ssl=1","jetpack_shortlink":"https:\/\/wp.me\/savbHe-142756","_links":{"self":[{"href":"https:\/\/www.aib.media\/index.php?rest_route=\/wp\/v2\/posts\/142756","targetHints":{"allow":["GET"]}}],"collection":[{"href":"https:\/\/www.aib.media\/index.php?rest_route=\/wp\/v2\/posts"}],"about":[{"href":"https:\/\/www.aib.media\/index.php?rest_route=\/wp\/v2\/types\/post"}],"author":[{"embeddable":true,"href":"https:\/\/www.aib.media\/index.php?rest_route=\/wp\/v2\/users\/21"}],"replies":[{"embeddable":true,"href":"https:\/\/www.aib.media\/index.php?rest_route=%2Fwp%2Fv2%2Fcomments&post=142756"}],"version-history":[{"count":1,"href":"https:\/\/www.aib.media\/index.php?rest_route=\/wp\/v2\/posts\/142756\/revisions"}],"predecessor-version":[{"id":142758,"href":"https:\/\/www.aib.media\/index.php?rest_route=\/wp\/v2\/posts\/142756\/revisions\/142758"}],"wp:featuredmedia":[{"embeddable":true,"href":"https:\/\/www.aib.media\/index.php?rest_route=\/wp\/v2\/media\/142757"}],"wp:attachment":[{"href":"https:\/\/www.aib.media\/index.php?rest_route=%2Fwp%2Fv2%2Fmedia&parent=142756"}],"wp:term":[{"taxonomy":"category","embeddable":true,"href":"https:\/\/www.aib.media\/index.php?rest_route=%2Fwp%2Fv2%2Fcategories&post=142756"},{"taxonomy":"post_tag","embeddable":true,"href":"https:\/\/www.aib.media\/index.php?rest_route=%2Fwp%2Fv2%2Ftags&post=142756"}],"curies":[{"name":"wp","href":"https:\/\/api.w.org\/{rel}","templated":true}]}}