{"id":142753,"date":"2026-03-10T09:36:09","date_gmt":"2026-03-10T09:36:09","guid":{"rendered":"https:\/\/www.aib.media\/?p=142753"},"modified":"2026-03-10T09:36:09","modified_gmt":"2026-03-10T09:36:09","slug":"kombissiri-pelerinage-sanctuaire-saint-joseph-les-pmc-et-les-fideles-catholiques-ont-prie-pour-la-paix-au-burkina-faso","status":"publish","type":"post","link":"https:\/\/www.aib.media\/?p=142753","title":{"rendered":"Kombissiri\/P\u00e8lerinage Sanctuaire Saint Joseph : Les PMC et les fid\u00e8les catholiques ont pri\u00e9 pour la paix au Burkina Faso"},"content":{"rendered":"<p>Burkina-Baz\u00e8ga- Religion -P\u00e8lerinage-Jubil\u00e9<\/p>\n<p><strong>Kombissiri\/P\u00e8lerinage Sanctuaire Saint Joseph : Les PMC et les fid\u00e8les catholiques ont pri\u00e9 pour la paix au Burkina Faso<\/strong><\/p>\n<p><strong>Kombissiri, 9 mars 2026 (AIB) Le p\u00e8lerinage dioc\u00e9sain des papas- -mamans-cat\u00e9chistes (PMC) de l&rsquo;archidioc\u00e8se de Ouagadougou coupl\u00e9 au jubil\u00e9 des femmes catholiques de la paroisse de Kombissiri a eu lieu le dimanche 8 mars 2026 au Sanctuaire Saint Joseph de Nazouma \u00e0 Kombissiri. Louanges, procession d&rsquo;offrandes, actions de gr\u00e2ce, adoration entre autres, ont marqu\u00e9 les temps forts de cette journ\u00e9e de pri\u00e8res et d&rsquo;intercession.<\/strong><\/p>\n<p>Le Sanctuaire Saint Joseph de Nazouma dans la commune de Kombissiri, province du Baz\u00e8ga (r\u00e9gion du Nazinon) a \u00e9t\u00e9 le dimanche 8 mars 2026, le point de convergence des fid\u00e8les catholiques de l&rsquo;archidioc\u00e8se de Ouagadougou.<br \/>\nEt pour cause, les PMC (papas-mamans-cat\u00e9chistes) de l&rsquo;archidioc\u00e8se de Ouagadougou y ont effectu\u00e9 leur p\u00e8lerinage dioc\u00e9sain, coupl\u00e9 au jubil\u00e9 des femmes catholiques de la paroisse Saint Joseph Artisan de Kombissiri.<br \/>\nLa c\u00e9l\u00e9bration eucharistique a \u00e9t\u00e9 pr\u00e9sid\u00e9e par l&rsquo;abb\u00e9 Jacques \u00c9milien Sidib\u00e9, Vicaire g\u00e9n\u00e9ral, repr\u00e9sentant Monseigneur Prosper Kontie\u0301bo, Archev\u00eaque m\u00e9tropolitain de Ouagadougou.<\/p>\n<p>Plusieurs milliers de fid\u00e8les catholiques de plus d&rsquo;une trentaine de paroisses de l&rsquo;archidioc\u00e8se de Ouagadougou ont effectu\u00e9 le d\u00e9placement de Nazouma pour se joindre aux fid\u00e8les chr\u00e9tiens de Kombissiri pour prendre part \u00e0 la c\u00e9l\u00e9bration eucharistique.<br \/>\nDans son hom\u00e9lie, le c\u00e9l\u00e9brant principal, l&rsquo;abbe\u0301 Jacques \u00c9milien Sidib\u00e9, a invit\u00e9 chaque fid\u00e8le \u00e0 \u00eatre t\u00e9moin du Christ aupr\u00e8s des hommes et des femmes par des actes de charit\u00e9.<br \/>\n\u00ab Nos diff\u00e9rentes mani\u00e8res d&rsquo;annoncer la cat\u00e9ch\u00e8se doivent conduire \u00e0 r\u00e9v\u00e9ler le myst\u00e8re de la mis\u00e9ricorde divine qui pardonne l&rsquo;homme malgr\u00e9 ses p\u00e9ch\u00e9s et le r\u00e9tablit dans sa dignit\u00e9 de fils et de filles de Dieu \u00bb, a exhort\u00e9 l&rsquo;abb\u00e9 Jacques \u00c9milien Sidib\u00e9, s&rsquo;adressant aux PMC et \u00e0 l&rsquo;ensemble des p\u00e8lerins.<\/p>\n<p>La c\u00e9l\u00e9bration a \u00e9t\u00e9 marqu\u00e9e par des pri\u00e8res, des louanges, des chants d&rsquo;actions de gr\u00e2ce, la procession d&rsquo;offrandes, et l&rsquo;adoration eucharistique.<\/p>\n<p>Selon Sakougri Charlemagne, Secr\u00e9taire g\u00e9n\u00e9ral du comit\u00e9 dioc\u00e9sain des PMC de l&rsquo;archidioc\u00e8se de Ouagadougou, Chaque ann\u00e9e, le 3e dimanche de car\u00eame, les PMC de l&rsquo;archidioc\u00e8se de Ouagadougou effectuent habituellement leur p\u00e8lerinage dioc\u00e9sain au Sanctuaire Notre-Dame de Yagma \u00e0 Ouagadougou. \u00ab Mais cette ann\u00e9e, nous avons d\u00e9cid\u00e9 d&rsquo;effectuer le p\u00e8lerinage au Sanctuaire Joseph de Nazouma parce que le Saint patron des PMC, c&rsquo;est Saint Joseph \u00bb, a indiqu\u00e9 Charlemagne Sakougri.<br \/>\n\u00ab Nous sommes l\u00e0 pour prier et demander \u00e0 Saint Joseph d&rsquo;interc\u00e9der pour les PMC et pour la paix au Burkina \u00bb.<\/p>\n<p>Le p\u00e8lerinage des PMC \u00e9tait coupl\u00e9 au jubil\u00e9 des femmes catholiques de la paroisse Saint Joseph Artisan de Kombissiri. Ce jubil\u00e9 des femmes s&rsquo;inscrit dans le cadre des pr\u00e9paratifs du jubil\u00e9 d&rsquo;argent du Sanctuaire Saint Joseph et du Soixantenaire de la paroisse Saint Joseph Artisan de Kombissiri.<\/p>\n<p>Selon la pr\u00e9sidente de l&rsquo;association des femmes catholiques (AFC) de Kombissiri, Marie Sophie Compaor\u00e9\/Samba, ce jubil\u00e9 est l&rsquo;occasion pour les femmes catholiques de prier pour le raffermissement de la foi et l&rsquo;unit\u00e9 entre les femmes catholiques.<\/p>\n<p>\u00ab Pour ce jubil\u00e9 qui co\u00efncide avec le 8 mars, journ\u00e9e internationale de la femme, nous avons pri\u00e9 pour la paix dans les foyers, au Burkina Faso et confi\u00e9 nos familles \u00e0 Saint Joseph afin qu&rsquo;elles soient \u00e0 l&rsquo;image de la Sainte famille de Nazareth \u00bb, a pr\u00e9cis\u00e9 madame Compaor\u00e9\/Samba.<\/p>\n<p>Au cours de la c\u00e9l\u00e9bration eucharistique, plus d&rsquo;une dizaine d&rsquo;enfants ont re\u00e7u le sacrement de bapt\u00eame. Une grande kermesse a mis fin \u00e0 cette journ\u00e9e de p\u00e8lerinage et de jubil\u00e9.<\/p>\n<p style=\"text-align: right\">\n<strong>Agence d\u2019information du Burkina<\/strong><br \/>\n<strong>TPT-dnk<\/strong><\/p>\n","protected":false},"excerpt":{"rendered":"<p>Burkina-Baz\u00e8ga- Religion -P\u00e8lerinage-Jubil\u00e9 Kombissiri\/P\u00e8lerinage Sanctuaire Saint Joseph : Les PMC et les fid\u00e8les catholiques ont pri\u00e9 pour la paix au Burkina Faso Kombissiri, 9 mars 2026 (AIB) Le p\u00e8lerinage dioc\u00e9sain des papas- -mamans-cat\u00e9chistes (PMC) de l&rsquo;archidioc\u00e8se de Ouagadougou coupl\u00e9 au jubil\u00e9 des femmes catholiques de la paroisse de Kombissiri a eu lieu le dimanche 8 [&hellip;]<\/p>\n","protected":false},"author":21,"featured_media":142754,"comment_status":"open","ping_status":"open","sticky":false,"template":"","format":"standard","meta":{"advanced_seo_description":"","jetpack_seo_html_title":"","jetpack_seo_noindex":false,"jetpack_post_was_ever_published":false,"footnotes":""},"categories":[113,48,173,93,203,36],"tags":[],"class_list":{"0":"post-142753","1":"post","2":"type-post","3":"status-publish","4":"format-standard","5":"has-post-thumbnail","7":"category-bazega","8":"category-centre-sud","9":"category-depeches","10":"category-flashinfos","11":"category-la-une-aib","12":"category-societe"},"jetpack_featured_media_url":"https:\/\/i0.wp.com\/www.aib.media\/wp-content\/uploads\/2026\/03\/29-1.jpeg?fit=1280%2C663&ssl=1","jetpack_shortlink":"https:\/\/wp.me\/pavbHe-B8t","_links":{"self":[{"href":"https:\/\/www.aib.media\/index.php?rest_route=\/wp\/v2\/posts\/142753","targetHints":{"allow":["GET"]}}],"collection":[{"href":"https:\/\/www.aib.media\/index.php?rest_route=\/wp\/v2\/posts"}],"about":[{"href":"https:\/\/www.aib.media\/index.php?rest_route=\/wp\/v2\/types\/post"}],"author":[{"embeddable":true,"href":"https:\/\/www.aib.media\/index.php?rest_route=\/wp\/v2\/users\/21"}],"replies":[{"embeddable":true,"href":"https:\/\/www.aib.media\/index.php?rest_route=%2Fwp%2Fv2%2Fcomments&post=142753"}],"version-history":[{"count":1,"href":"https:\/\/www.aib.media\/index.php?rest_route=\/wp\/v2\/posts\/142753\/revisions"}],"predecessor-version":[{"id":142755,"href":"https:\/\/www.aib.media\/index.php?rest_route=\/wp\/v2\/posts\/142753\/revisions\/142755"}],"wp:featuredmedia":[{"embeddable":true,"href":"https:\/\/www.aib.media\/index.php?rest_route=\/wp\/v2\/media\/142754"}],"wp:attachment":[{"href":"https:\/\/www.aib.media\/index.php?rest_route=%2Fwp%2Fv2%2Fmedia&parent=142753"}],"wp:term":[{"taxonomy":"category","embeddable":true,"href":"https:\/\/www.aib.media\/index.php?rest_route=%2Fwp%2Fv2%2Fcategories&post=142753"},{"taxonomy":"post_tag","embeddable":true,"href":"https:\/\/www.aib.media\/index.php?rest_route=%2Fwp%2Fv2%2Ftags&post=142753"}],"curies":[{"name":"wp","href":"https:\/\/api.w.org\/{rel}","templated":true}]}}