{"id":142748,"date":"2026-03-10T07:53:54","date_gmt":"2026-03-10T07:53:54","guid":{"rendered":"https:\/\/www.aib.media\/?p=142748"},"modified":"2026-03-10T07:53:54","modified_gmt":"2026-03-10T07:53:54","slug":"tannounyan-celebration-8-mars-les-organisations-feminines-mobilisees-pour-une-operation-de-salubrite-a-banfora","status":"publish","type":"post","link":"https:\/\/www.aib.media\/?p=142748","title":{"rendered":"Tannounyan\/C\u00e9l\u00e9bration 8 mars : Les organisations f\u00e9minines mobilis\u00e9es pour une op\u00e9ration de salubrit\u00e9 \u00e0 Banfora"},"content":{"rendered":"<p>Burkina-Tannounyan-Banfora-Comm\u00e9moration-Femme-Journ\u00e9e-Salubrit\u00e9<\/p>\n<p><strong>Tannounyan\/C\u00e9l\u00e9bration 8 mars : Les organisations f\u00e9minines mobilis\u00e9es pour une op\u00e9ration de salubrit\u00e9 \u00e0 Banfora<\/strong><\/p>\n<p><strong>Banfora, 8 mars 2026, (AIB)- Les organisations f\u00e9minines de la r\u00e9gion des Tannounyan ont organis\u00e9 samedi, \u00e0 Banfora, une journ\u00e9e de salubrit\u00e9 \u00e0 la maison de la femme, situ\u00e9e au secteur 08 (Korona). L\u2019objectif de cette initiative \u00e9tait de nettoyer et assainir la cour de cette infrastructure d\u00e9di\u00e9e aux activit\u00e9s des femmes.<\/strong><\/p>\n<p>Cette op\u00e9ration citoyenne a connu la participation du Gouverneur de la r\u00e9gion des Tannounyan, Patrice Y\u00e9y\u00e9, accompagn\u00e9 des autorit\u00e9s administratives de la r\u00e9gion, venus soutenir et encourager les femmes mobilis\u00e9es pour l\u2019occasion.<\/p>\n<p>Prenant la parole, le Gouverneur, a salu\u00e9 la forte mobilisation des femmes, qu\u2019il consid\u00e8re comme un t\u00e9moignage de l\u2019importance qu\u2019elles accordent aux activit\u00e9s organis\u00e9es dans le cadre du mois d\u00e9di\u00e9 \u00e0 la femme. Il les a f\u00e9licit\u00e9es pour leur engagement et leur contribution aux actions de d\u00e9veloppement et d\u2019assainissement de leur cadre de vie.<\/p>\n<p>Dans son message, le premier responsable de la r\u00e9gion a insist\u00e9 sur la n\u00e9cessit\u00e9 pour les femmes de privil\u00e9gier des initiatives utiles et porteuses d\u2019impact r\u00e9el sur leur quotidien, celui de leurs familles et celui de la nation tout enti\u00e8re. Il a \u00e9galement invit\u00e9 les participantes \u00e0 s\u2019impliquer pleinement dans toutes les activit\u00e9s programm\u00e9es au cours de ce mois consacr\u00e9 \u00e0 la femme.<\/p>\n<p>M. Y\u00e9y\u00e9 a par ailleurs exhort\u00e9 les femmes \u00e0 renforcer leur unit\u00e9 et leur solidarit\u00e9 afin de relever ensemble les d\u00e9fis du d\u00e9veloppement. Aujourd\u2019hui, il ne s\u2019agit plus de se retrouver pour des r\u00e9jouissances (Djandjouba), mais de mener des activit\u00e9s qui am\u00e9liorent r\u00e9ellement vos conditions de vie, celles de vos familles et de toute la nation. Pour y parvenir, vous devez rester unies et solidaires, a-t-il indiqu\u00e9.<\/p>\n<p>Cette journ\u00e9e de salubrit\u00e9 a permis aux femmes de d\u00e9montrer leur engagement citoyen tout en contribuant \u00e0 l\u2019assainissement de la Maison de la femme, un espace important pour leurs activit\u00e9s dans la r\u00e9gion des Tannounyan.<\/p>\n<p style=\"text-align: right\"><strong>Agence d\u2019Information du Burkina <\/strong><br \/>\n<strong>JPY\/bbp<\/strong><\/p>\n","protected":false},"excerpt":{"rendered":"<p>Burkina-Tannounyan-Banfora-Comm\u00e9moration-Femme-Journ\u00e9e-Salubrit\u00e9 Tannounyan\/C\u00e9l\u00e9bration 8 mars : Les organisations f\u00e9minines mobilis\u00e9es pour une op\u00e9ration de salubrit\u00e9 \u00e0 Banfora Banfora, 8 mars 2026, (AIB)- Les organisations f\u00e9minines de la r\u00e9gion des Tannounyan ont organis\u00e9 samedi, \u00e0 Banfora, une journ\u00e9e de salubrit\u00e9 \u00e0 la maison de la femme, situ\u00e9e au secteur 08 (Korona). L\u2019objectif de cette initiative \u00e9tait de [&hellip;]<\/p>\n","protected":false},"author":21,"featured_media":142749,"comment_status":"open","ping_status":"open","sticky":false,"template":"","format":"standard","meta":{"advanced_seo_description":"","jetpack_seo_html_title":"","jetpack_seo_noindex":false,"jetpack_post_was_ever_published":false,"footnotes":""},"categories":[44,100,173,93,203,36],"tags":[],"class_list":{"0":"post-142748","1":"post","2":"type-post","3":"status-publish","4":"format-standard","5":"has-post-thumbnail","7":"category-cascade","8":"category-comoe","9":"category-depeches","10":"category-flashinfos","11":"category-la-une-aib","12":"category-societe"},"jetpack_featured_media_url":"https:\/\/i0.wp.com\/www.aib.media\/wp-content\/uploads\/2026\/03\/24-1.jpeg?fit=1080%2C704&ssl=1","jetpack_shortlink":"https:\/\/wp.me\/pavbHe-B8o","_links":{"self":[{"href":"https:\/\/www.aib.media\/index.php?rest_route=\/wp\/v2\/posts\/142748","targetHints":{"allow":["GET"]}}],"collection":[{"href":"https:\/\/www.aib.media\/index.php?rest_route=\/wp\/v2\/posts"}],"about":[{"href":"https:\/\/www.aib.media\/index.php?rest_route=\/wp\/v2\/types\/post"}],"author":[{"embeddable":true,"href":"https:\/\/www.aib.media\/index.php?rest_route=\/wp\/v2\/users\/21"}],"replies":[{"embeddable":true,"href":"https:\/\/www.aib.media\/index.php?rest_route=%2Fwp%2Fv2%2Fcomments&post=142748"}],"version-history":[{"count":1,"href":"https:\/\/www.aib.media\/index.php?rest_route=\/wp\/v2\/posts\/142748\/revisions"}],"predecessor-version":[{"id":142750,"href":"https:\/\/www.aib.media\/index.php?rest_route=\/wp\/v2\/posts\/142748\/revisions\/142750"}],"wp:featuredmedia":[{"embeddable":true,"href":"https:\/\/www.aib.media\/index.php?rest_route=\/wp\/v2\/media\/142749"}],"wp:attachment":[{"href":"https:\/\/www.aib.media\/index.php?rest_route=%2Fwp%2Fv2%2Fmedia&parent=142748"}],"wp:term":[{"taxonomy":"category","embeddable":true,"href":"https:\/\/www.aib.media\/index.php?rest_route=%2Fwp%2Fv2%2Fcategories&post=142748"},{"taxonomy":"post_tag","embeddable":true,"href":"https:\/\/www.aib.media\/index.php?rest_route=%2Fwp%2Fv2%2Ftags&post=142748"}],"curies":[{"name":"wp","href":"https:\/\/api.w.org\/{rel}","templated":true}]}}