{"id":142743,"date":"2026-03-10T07:47:27","date_gmt":"2026-03-10T07:47:27","guid":{"rendered":"https:\/\/www.aib.media\/?p=142743"},"modified":"2026-03-10T07:47:27","modified_gmt":"2026-03-10T07:47:27","slug":"tannounyan-8-mars-la-planete-des-jeunes-panafricanistes-mobilise-les-femmes-autour-de-la-rpp-a-banfora","status":"publish","type":"post","link":"https:\/\/www.aib.media\/?p=142743","title":{"rendered":"Tannounyan\/8 mars : La plan\u00e8te des jeunes panafricanistes mobilise les femmes autour de la RPP \u00e0 Banfora"},"content":{"rendered":"<p>Burkina-Tannounyan-Banfora-Journ\u00e9e-Internationale-Femme-PJP-Panel<\/p>\n<p><strong>Tannounyan\/8 mars : La plan\u00e8te des jeunes panafricanistes mobilise les femmes autour de la RPP \u00e0 Banfora<\/strong><\/p>\n<p><strong>Banfora, 8 mars 2026, (AIB)- La Plan\u00e8te des jeunes Panafricanistes (PJP), section Tannounyan, a organis\u00e9 samedi, \u00e0 Banfora un panel dans le cadre de la comm\u00e9moration de la journ\u00e9e internationale de la femme. Cette rencontre a r\u00e9uni plusieurs femmes, autorit\u00e9s administratives, autorit\u00e9s coutumi\u00e8res et religieuses, autorit\u00e9s militaires et paramilitaire autour de r\u00e9flexions sur le r\u00f4le des femmes dans la dynamique r\u00e9volutionnaire et le d\u00e9veloppement du Burkina Faso.<\/strong><\/p>\n<p>Au cours de ce panel, plusieurs sous-th\u00e8mes ont \u00e9t\u00e9 abord\u00e9s, notamment l\u2019entrepreneuriat des femmes, leur contribution \u00e0 la coh\u00e9sion sociale ainsi qu\u2019\u00e0 la consolidation de la paix. L\u2019objectif \u00e9tait de renforcer les capacit\u00e9s des participantes et de susciter leur engagement dans la dynamique actuelle de transformation du pays.<\/p>\n<p>Le Gouverneur de la r\u00e9gion des Tannounyan, Patrice Y\u00e9y\u00e9, patron de la rencontre, a salu\u00e9 l\u2019initiative et rappel\u00e9 l\u2019importance de l\u2019implication des femmes dans la R\u00e9volution progressiste populaire engag\u00e9e par les plus hautes autorit\u00e9s du pays.<\/p>\n<p>Selon lui, cette R\u00e9volution port\u00e9e par le Pr\u00e9sident du Faso, le Capitaine Ibrahim Traor\u00e9, repose sur un ensemble de valeur fondamentales, notamment la souverainet\u00e9 \u00e0 tous les niveaux.<\/p>\n<p>Comme vous le savez, nous sommes engag\u00e9s dans une R\u00e9volution progressiste populaire voulu par le Pr\u00e9sident du Faso, le Capitaine Ibrahim Traor\u00e9. Cette R\u00e9volution est fond\u00e9e sur des valeurs fortes, notamment la souverainet\u00e9 \u00e0 tous les niveaux. Aujourd\u2019hui, nous sommes l\u00e0 pour accompagner les femmes qui sont la cheville ouvri\u00e8re de cette R\u00e9volution. A travers ce panel, il s\u2019agit de renforcer leurs capacit\u00e9s afin qu\u2019elles puissent mieux accompagner cette dynamique de transformation, a expliqu\u00e9 le Gouverneur.<\/p>\n<p>Il s\u2019est \u00e9galement r\u00e9joui de l\u2019organisation de ce panel et a adress\u00e9 ses f\u00e9licitations aux initiateurs de l\u2019activit\u00e9.<br \/>\nNous nous r\u00e9jouissons de l\u2019organisation de ce panel. C\u2019est l\u2019occasion pour nous de f\u00e9liciter les organisateurs et de remercier tous les acteurs qui ont mis les petits plats dans les grands pour que cette activit\u00e9 soit une r\u00e9alit\u00e9, a-t-il indiqu\u00e9.<\/p>\n<p>Le Gouverneur a par ailleurs exprim\u00e9 le souhait que les \u00e9changes d\u00e9bouchent sur des recommandations concr\u00e8tes au profit de la participation des femmes \u00e0 la r\u00e9volution.<\/p>\n<p>Nous formulons le v\u0153u qu\u2019\u00e0 l\u2019issue de ce panel, nous ayons des recommandations fortes et des d\u00e9cisions importantes qui permettrons aux femmes de mieux accompagner la r\u00e9volution en marche. Rien ne peut se faire sans les femmes, sans nos \u00e9pouses et sans nos mamans. C\u2019est pourquoi nous avons voulu les placer au c\u0153ur de nos projets, a-t-il ajout\u00e9, tout en saluant l\u2019engagement des femmes dans la soci\u00e9t\u00e9.<\/p>\n<p>Le Commandant de la 2e R\u00e9gion militaire et commandant d\u2019armes de la place de Bobo-Dioulasso, le LT Colonel Lassane Porgo, a soulign\u00e9 que ce panel vise \u00e0 permettre aux femmes de mieux comprendre les enjeux de la R\u00e9volution progressiste populaire (RPP) et d\u2019y prendre une part active.<\/p>\n<p>Selon lui, la r\u00e9ussite de toute r\u00e9volution repose sur l\u2019engagement collectif, notamment celui des femmes qui constituent un pilier essentiel de la soci\u00e9t\u00e9.<\/p>\n<p>Ce panel a \u00e9t\u00e9 initi\u00e9 pour permettre aux femmes de mieux comprendre les fondements et les objectifs de la R\u00e9volution progressiste populaire, afin qu\u2019elles puissent s\u2019y engager pleinement. Les femmes jouent un r\u00f4le d\u00e9terminant dans la transformation de la soci\u00e9t\u00e9. Comme le disait le Capitaine Thomas Sankara, sans les femmes, il n\u2019y a pas de v\u00e9ritable r\u00e9volution. C\u2019est pourquoi il est important qu\u2019elles s\u2019approprient activement \u00e0 la construction d\u2019un Burkina Faso souverain, stable et prosp\u00e8re, a-t-il d\u00e9clar\u00e9.<\/p>\n<p>Pour sa part, le coordonnateur r\u00e9gional de la PJP des Tannounyan, Yacouba Traor\u00e9, a rendu un vibrant hommage \u00e0 toutes les femmes, particuli\u00e8rement celles de la r\u00e9gion des Tannounyan, pour leur courage, leur r\u00e9silience et leur engagement en cette p\u00e9riode marqu\u00e9e par les d\u00e9fis s\u00e9curitaires que traverse le Burkina Faso.<br \/>\nCe matin, nous avons tenu \u00e0 rassembler les femmes, nos mamans et nos s\u0153urs, afin d\u2019\u00e9changer et de r\u00e9fl\u00e9chir ensemble sur leur contribution dans la qu\u00eate d\u2019un Burkina Faso de paix et souverain. Qui mieux que les femmes pour proposer des pistes de solutions pour l\u2019am\u00e9lioration des conditions de vie des burkinab\u00e8 et pour la consolidation de la paix ?, a-t-il indiqu\u00e9.<\/p>\n<p>Selon lui, ce cadre d\u2019\u00e9changes vise \u00e9galement \u00e0 identifier les contributions concr\u00e8tes que les femmes peuvent apporter pour renforcer la s\u00e9curit\u00e9, la stabilit\u00e9 et surtout la coh\u00e9sion sociale dans le pays.<br \/>\nLes participantes ont ainsi salu\u00e9 l\u2019initiative de PJP qui offre une tribune d\u2019\u00e9changes et de r\u00e9flexions aux femmes sur leur r\u00f4le dans la construction d\u2019un Burkina Faso uni, stable et souverain.<\/p>\n<p>&nbsp;<\/p>\n<p style=\"text-align: right\"><strong>Agence d\u2019Information du Burkina <\/strong><br \/>\n<strong>JPY\/bbp<\/strong><\/p>\n","protected":false},"excerpt":{"rendered":"<p>Burkina-Tannounyan-Banfora-Journ\u00e9e-Internationale-Femme-PJP-Panel Tannounyan\/8 mars : La plan\u00e8te des jeunes panafricanistes mobilise les femmes autour de la RPP \u00e0 Banfora Banfora, 8 mars 2026, (AIB)- La Plan\u00e8te des jeunes Panafricanistes (PJP), section Tannounyan, a organis\u00e9 samedi, \u00e0 Banfora un panel dans le cadre de la comm\u00e9moration de la journ\u00e9e internationale de la femme. Cette rencontre a r\u00e9uni [&hellip;]<\/p>\n","protected":false},"author":21,"featured_media":142746,"comment_status":"open","ping_status":"open","sticky":false,"template":"","format":"standard","meta":{"advanced_seo_description":"","jetpack_seo_html_title":"","jetpack_seo_noindex":false,"jetpack_post_was_ever_published":false,"footnotes":""},"categories":[44,100,173,93,203,36],"tags":[],"class_list":{"0":"post-142743","1":"post","2":"type-post","3":"status-publish","4":"format-standard","5":"has-post-thumbnail","7":"category-cascade","8":"category-comoe","9":"category-depeches","10":"category-flashinfos","11":"category-la-une-aib","12":"category-societe"},"jetpack_featured_media_url":"https:\/\/i0.wp.com\/www.aib.media\/wp-content\/uploads\/2026\/03\/17-1.jpeg?fit=1280%2C960&ssl=1","jetpack_shortlink":"https:\/\/wp.me\/pavbHe-B8j","_links":{"self":[{"href":"https:\/\/www.aib.media\/index.php?rest_route=\/wp\/v2\/posts\/142743","targetHints":{"allow":["GET"]}}],"collection":[{"href":"https:\/\/www.aib.media\/index.php?rest_route=\/wp\/v2\/posts"}],"about":[{"href":"https:\/\/www.aib.media\/index.php?rest_route=\/wp\/v2\/types\/post"}],"author":[{"embeddable":true,"href":"https:\/\/www.aib.media\/index.php?rest_route=\/wp\/v2\/users\/21"}],"replies":[{"embeddable":true,"href":"https:\/\/www.aib.media\/index.php?rest_route=%2Fwp%2Fv2%2Fcomments&post=142743"}],"version-history":[{"count":1,"href":"https:\/\/www.aib.media\/index.php?rest_route=\/wp\/v2\/posts\/142743\/revisions"}],"predecessor-version":[{"id":142747,"href":"https:\/\/www.aib.media\/index.php?rest_route=\/wp\/v2\/posts\/142743\/revisions\/142747"}],"wp:featuredmedia":[{"embeddable":true,"href":"https:\/\/www.aib.media\/index.php?rest_route=\/wp\/v2\/media\/142746"}],"wp:attachment":[{"href":"https:\/\/www.aib.media\/index.php?rest_route=%2Fwp%2Fv2%2Fmedia&parent=142743"}],"wp:term":[{"taxonomy":"category","embeddable":true,"href":"https:\/\/www.aib.media\/index.php?rest_route=%2Fwp%2Fv2%2Fcategories&post=142743"},{"taxonomy":"post_tag","embeddable":true,"href":"https:\/\/www.aib.media\/index.php?rest_route=%2Fwp%2Fv2%2Ftags&post=142743"}],"curies":[{"name":"wp","href":"https:\/\/api.w.org\/{rel}","templated":true}]}}