{"id":142737,"date":"2026-03-10T07:33:17","date_gmt":"2026-03-10T07:33:17","guid":{"rendered":"https:\/\/www.aib.media\/?p=142737"},"modified":"2026-03-10T07:33:17","modified_gmt":"2026-03-10T07:33:17","slug":"zoundweogo-lassociation-zak-la-yilguemde-reconduit-son-projet-a-lecole-en-toute-serenite","status":"publish","type":"post","link":"https:\/\/www.aib.media\/?p=142737","title":{"rendered":"ZOUNDWEOGO : L\u2019Association Zak-La Yilguemde reconduit son projet \u00ab \u00c0 l\u2019\u00e9cole en toute s\u00e9r\u00e9nit\u00e9 \u00bb"},"content":{"rendered":"<p>BURKINA FASO : EDUCATION-PARTENARIAT<\/p>\n<p><strong>ZOUNDWEOGO : L\u2019Association Zak-La Yilguemde reconduit son projet \u00ab \u00c0 l\u2019\u00e9cole en toute s\u00e9r\u00e9nit\u00e9 \u00bb<\/strong><\/p>\n<p><strong>Manga, 7 mars 2026 (AIB)- L\u2019Association Zak-La Yilguemde (AZLY) a relanc\u00e9 samedi, son projet d\u2019accompagnement \u2018\u2019A l\u2019Ecole en Toute S\u00e9r\u00e9nit\u00e9 (AETS) pour une dur\u00e9e de cinq ans apr\u00e8s un bilan positif.<\/strong><\/p>\n<p>L\u2019Association Zak-La Yilguemde reconduit son projet \u2018\u2019A l\u2019Ecole en toute s\u00e9r\u00e9nit\u00e9\u2019\u2019 dans sa zone d\u2019intervention. Le projet AETS, mis en \u0153uvre depuis 2022, couvre cinq \u00e9tablissements des communes de Gogo et de Guiba \u00e0 savoir les coll\u00e8ges d\u2019enseignement g\u00e9n\u00e9ral de Dissomey et de Kiougou, les lyc\u00e9es d\u00e9partementaux de gogo et de Guiba ainsi que l\u2019\u00e9cole primaire publique de Mbouta, renfor\u00e7ant ainsi l\u2019acc\u00e8s \u00e0 une \u00e9ducation inclusive et s\u00e9curis\u00e9e pour des \u00e9l\u00e8ves vuln\u00e9rables.<\/p>\n<p>Financ\u00e9 par le partenaire n\u00e9erlandais Kinderpostzegels, ce projet accompagne le monde \u00e9ducatif de la province du Zoundw\u00e9ogo \u00e0 travers ses sous-projets \u2018\u2019portefeuilles des enfants\u2019\u2019. Ce sous-projet vise \u00e0 capaciter les enfants pour s\u2019entraider et maximiser leurs chances de r\u00e9ussite \u00e0 l\u2019\u00e9cole.<\/p>\n<p>Au regard de son impact positif dans les \u00e9tablissements des zones d\u2019intervention, l\u2019Association a reconduit le projet jusqu\u2019en 2031 selon Emile pingdwend\u00e9 Ou\u00e9draogo, Charg\u00e9 du projet. \u00ab Le bilan de la premi\u00e8re phase de mise en \u0153uvre du projet a \u00e9t\u00e9 positif et les objectifs ont \u00e9t\u00e9 atteints. Et au regard de son impact, le partenaire a reconduit le projet AETS pour cinq ans \u00bb a dit le charg\u00e9 du projet.<\/p>\n<p>La Directrice provinciale de l\u2019Enseignements secondaire, de la Formation professionnelle et technique (DP-ESFPT) du Zoundw\u00e9ogo, Georgette Niki\u00e9ma, a manifest\u00e9 toute sa gratitude \u00e0 l\u2019Association pour son accompagnement dans le secteur de l\u2019\u00e9ducation dans la province. Elle a ensuite souhait\u00e9 que ce projet, au regard de son impact qualitatif sur le rendement scolaire, s\u2019\u00e9largisse \u00e0 d\u2019autres \u00e9tablissements de la province.<\/p>\n<p>L\u2019ensemble des \u00e9l\u00e8ves et des acteurs de l\u2019\u00e9ducation pr\u00e9sents \u00e0 cette rencontre se sont r\u00e9jouis de la nouvelle et ont promis de s\u2019impliquer davantage pour l\u2019atteinte des objectifs assign\u00e9s.<\/p>\n<p>Il faut le rappeler qu\u2019en 2023 le meilleur \u00e9l\u00e8ve national au BEPC, Albert Ilboudo [avec une moyenne de 19,15\/20 Ndlr] \u00e9tait de la zone d\u2019intervention de l\u2019Association et \u00e9tait parmi les b\u00e9n\u00e9ficiaires du projet AETS. Et gr\u00e2ce \u00e0 un de ses sous-projets \u00ab Le journal scolaire \u00bb, le CEG de Dissomey a \u00e9t\u00e9 s\u00e9lectionn\u00e9 pour participer aux prix Galian des \u00e9coles en 2024.<\/p>\n<p style=\"text-align: right\"><strong>Agence d\u2019information du Burkina <\/strong><br \/>\n<strong>SM\/ BGB\/bbp<\/strong><\/p>\n","protected":false},"excerpt":{"rendered":"<p>BURKINA FASO : EDUCATION-PARTENARIAT ZOUNDWEOGO : L\u2019Association Zak-La Yilguemde reconduit son projet \u00ab \u00c0 l\u2019\u00e9cole en toute s\u00e9r\u00e9nit\u00e9 \u00bb Manga, 7 mars 2026 (AIB)- L\u2019Association Zak-La Yilguemde (AZLY) a relanc\u00e9 samedi, son projet d\u2019accompagnement \u2018\u2019A l\u2019Ecole en Toute S\u00e9r\u00e9nit\u00e9 (AETS) pour une dur\u00e9e de cinq ans apr\u00e8s un bilan positif. L\u2019Association Zak-La Yilguemde reconduit son [&hellip;]<\/p>\n","protected":false},"author":21,"featured_media":142738,"comment_status":"open","ping_status":"open","sticky":false,"template":"","format":"standard","meta":{"advanced_seo_description":"","jetpack_seo_html_title":"","jetpack_seo_noindex":false,"jetpack_post_was_ever_published":false,"footnotes":""},"categories":[48,173,93,203,36,115],"tags":[],"class_list":{"0":"post-142737","1":"post","2":"type-post","3":"status-publish","4":"format-standard","5":"has-post-thumbnail","7":"category-centre-sud","8":"category-depeches","9":"category-flashinfos","10":"category-la-une-aib","11":"category-societe","12":"category-zoundwego"},"jetpack_featured_media_url":"https:\/\/i0.wp.com\/www.aib.media\/wp-content\/uploads\/2026\/03\/3-16.jpeg?fit=1052%2C780&ssl=1","jetpack_shortlink":"https:\/\/wp.me\/pavbHe-B8d","_links":{"self":[{"href":"https:\/\/www.aib.media\/index.php?rest_route=\/wp\/v2\/posts\/142737","targetHints":{"allow":["GET"]}}],"collection":[{"href":"https:\/\/www.aib.media\/index.php?rest_route=\/wp\/v2\/posts"}],"about":[{"href":"https:\/\/www.aib.media\/index.php?rest_route=\/wp\/v2\/types\/post"}],"author":[{"embeddable":true,"href":"https:\/\/www.aib.media\/index.php?rest_route=\/wp\/v2\/users\/21"}],"replies":[{"embeddable":true,"href":"https:\/\/www.aib.media\/index.php?rest_route=%2Fwp%2Fv2%2Fcomments&post=142737"}],"version-history":[{"count":1,"href":"https:\/\/www.aib.media\/index.php?rest_route=\/wp\/v2\/posts\/142737\/revisions"}],"predecessor-version":[{"id":142739,"href":"https:\/\/www.aib.media\/index.php?rest_route=\/wp\/v2\/posts\/142737\/revisions\/142739"}],"wp:featuredmedia":[{"embeddable":true,"href":"https:\/\/www.aib.media\/index.php?rest_route=\/wp\/v2\/media\/142738"}],"wp:attachment":[{"href":"https:\/\/www.aib.media\/index.php?rest_route=%2Fwp%2Fv2%2Fmedia&parent=142737"}],"wp:term":[{"taxonomy":"category","embeddable":true,"href":"https:\/\/www.aib.media\/index.php?rest_route=%2Fwp%2Fv2%2Fcategories&post=142737"},{"taxonomy":"post_tag","embeddable":true,"href":"https:\/\/www.aib.media\/index.php?rest_route=%2Fwp%2Fv2%2Ftags&post=142737"}],"curies":[{"name":"wp","href":"https:\/\/api.w.org\/{rel}","templated":true}]}}