{"id":142729,"date":"2026-03-09T20:52:20","date_gmt":"2026-03-09T20:52:20","guid":{"rendered":"https:\/\/www.aib.media\/?p=142729"},"modified":"2026-03-09T20:52:20","modified_gmt":"2026-03-09T20:52:20","slug":"soum-djibo-la-journee-internationale-des-droits-de-la-femme-celebree-a-travers-plusieurs-activites","status":"publish","type":"post","link":"https:\/\/www.aib.media\/?p=142729","title":{"rendered":"Soum\/Djibo : La Journ\u00e9e internationale des droits de la femme c\u00e9l\u00e9br\u00e9e \u00e0 travers plusieurs activit\u00e9s"},"content":{"rendered":"<p><strong>Soum\/Djibo : La Journ\u00e9e internationale des droits de la femme c\u00e9l\u00e9br\u00e9e \u00e0 travers plusieurs activit\u00e9s<\/strong><\/p>\n<p><strong>Djibo, 8 mars 2026 (AIB)-La province du Soum a c\u00e9l\u00e9br\u00e9, le samedi 8 mars 2026 \u00e0 Djibo, la Journ\u00e9e internationale des droits de la femme \u00e0 travers plusieurs activit\u00e9s de sensibilisation et d\u2019\u00e9changes sur la contribution des femmes \u00e0 la promotion de la paix et du vivre-ensemble.<\/strong><\/p>\n<p>Plac\u00e9e sous la pr\u00e9sidence du haut-commissaire de la province du Soum, Wend Nere Wilfried Tougma, la comm\u00e9moration a \u00e9t\u00e9 organis\u00e9e sous l\u2019\u00e9gide de la coordination provinciale des organisations f\u00e9minines.<br \/>\n\u00c0 Djibo, les activit\u00e9s ont d\u00e9but\u00e9 par une communication anim\u00e9e par le directeur provincial de la Femme, de la Solidarit\u00e9 nationale, de la Famille et de l\u2019Action humanitaire du Soum, dans la salle de r\u00e9union de la mairie. Les participantes ont \u00e9t\u00e9 entretenues sur le th\u00e8me national : \u00ab B\u00e2tir une paix durable au Burkina Faso : quelle contribution des femmes et des jeunes filles \u00e0 la promotion du vivre-ensemble ? \u00bb.<br \/>\nLa c\u00e9l\u00e9bration s\u2019est poursuivie par un match de football f\u00e9minin qui a mobilis\u00e9 plusieurs femmes et jeunes filles de la localit\u00e9.<br \/>\nDans la commune d\u2019Arbinda, les femmes ont \u00e9galement marqu\u00e9 l\u2019\u00e9v\u00e9nement par un th\u00e9-d\u00e9bat et une conf\u00e9rence portant sur la m\u00eame th\u00e9matique.<br \/>\nD\u2019autres activit\u00e9s comm\u00e9moratives sont \u00e9galement pr\u00e9vues en diff\u00e9r\u00e9 dans la commune de Kelbo, selon les organisateurs.<\/p>\n<p>La c\u00e9r\u00e9monie a connu la participation des autorit\u00e9s administratives et militaires, des leaders religieux et coutumiers, des directeurs provinciaux et chefs de services, ainsi qu\u2019une forte mobilisation des populations civiles, hommes et femmes confondus.<br \/>\nDans une ambiance de joie et de coh\u00e9sion sociale, les \u00e9changes ont permis de r\u00e9affirmer l\u2019engagement des diff\u00e9rents acteurs en faveur de l\u2019\u00e9panouissement de la femme et de la promotion du vivre-ensemble dans la province du Soum.<\/p>\n<p><strong>Agence d\u2019information du Burkina<\/strong><br \/>\n<strong>AG\/ata<\/strong><\/p>\n","protected":false},"excerpt":{"rendered":"<p>Soum\/Djibo : La Journ\u00e9e internationale des droits de la femme c\u00e9l\u00e9br\u00e9e \u00e0 travers plusieurs activit\u00e9s Djibo, 8 mars 2026 (AIB)-La province du Soum a c\u00e9l\u00e9br\u00e9, le samedi 8 mars 2026 \u00e0 Djibo, la Journ\u00e9e internationale des droits de la femme \u00e0 travers plusieurs activit\u00e9s de sensibilisation et d\u2019\u00e9changes sur la contribution des femmes \u00e0 la [&hellip;]<\/p>\n","protected":false},"author":16,"featured_media":142730,"comment_status":"open","ping_status":"open","sticky":false,"template":"","format":"standard","meta":{"advanced_seo_description":"","jetpack_seo_html_title":"","jetpack_seo_noindex":false,"jetpack_post_was_ever_published":false,"footnotes":""},"categories":[173,789,80,93,203,38,40,53,36,133],"tags":[],"class_list":{"0":"post-142729","1":"post","2":"type-post","3":"status-publish","4":"format-standard","5":"has-post-thumbnail","7":"category-depeches","8":"category-developpement","9":"category-dossiers","10":"category-flashinfos","11":"category-la-une-aib","12":"category-politique","13":"category-regions","14":"category-sahel","15":"category-societe","16":"category-soum"},"jetpack_featured_media_url":"https:\/\/i0.wp.com\/www.aib.media\/wp-content\/uploads\/2026\/03\/2-20.jpeg?fit=1080%2C574&ssl=1","jetpack_shortlink":"https:\/\/wp.me\/pavbHe-B85","_links":{"self":[{"href":"https:\/\/www.aib.media\/index.php?rest_route=\/wp\/v2\/posts\/142729","targetHints":{"allow":["GET"]}}],"collection":[{"href":"https:\/\/www.aib.media\/index.php?rest_route=\/wp\/v2\/posts"}],"about":[{"href":"https:\/\/www.aib.media\/index.php?rest_route=\/wp\/v2\/types\/post"}],"author":[{"embeddable":true,"href":"https:\/\/www.aib.media\/index.php?rest_route=\/wp\/v2\/users\/16"}],"replies":[{"embeddable":true,"href":"https:\/\/www.aib.media\/index.php?rest_route=%2Fwp%2Fv2%2Fcomments&post=142729"}],"version-history":[{"count":1,"href":"https:\/\/www.aib.media\/index.php?rest_route=\/wp\/v2\/posts\/142729\/revisions"}],"predecessor-version":[{"id":142731,"href":"https:\/\/www.aib.media\/index.php?rest_route=\/wp\/v2\/posts\/142729\/revisions\/142731"}],"wp:featuredmedia":[{"embeddable":true,"href":"https:\/\/www.aib.media\/index.php?rest_route=\/wp\/v2\/media\/142730"}],"wp:attachment":[{"href":"https:\/\/www.aib.media\/index.php?rest_route=%2Fwp%2Fv2%2Fmedia&parent=142729"}],"wp:term":[{"taxonomy":"category","embeddable":true,"href":"https:\/\/www.aib.media\/index.php?rest_route=%2Fwp%2Fv2%2Fcategories&post=142729"},{"taxonomy":"post_tag","embeddable":true,"href":"https:\/\/www.aib.media\/index.php?rest_route=%2Fwp%2Fv2%2Ftags&post=142729"}],"curies":[{"name":"wp","href":"https:\/\/api.w.org\/{rel}","templated":true}]}}