{"id":142711,"date":"2026-03-09T16:32:57","date_gmt":"2026-03-09T16:32:57","guid":{"rendered":"https:\/\/www.aib.media\/?p=142711"},"modified":"2026-03-09T16:32:57","modified_gmt":"2026-03-09T16:32:57","slug":"sanguie-8-mars-les-femmes-de-la-province-engagees-dans-laction-pour-leur-autonomisation-a-godyr","status":"publish","type":"post","link":"https:\/\/www.aib.media\/?p=142711","title":{"rendered":"Sangui\u00e9\/8 mars : les femmes de la province engag\u00e9es dans l\u2019action pour leur autonomisation \u00e0 Godyr"},"content":{"rendered":"<p>BURKINA-SANGUIE-JOURNEE-INTERNATIONALE-FEMME-COMMEMORATION<\/p>\n<p><strong>Sangui\u00e9\/8 mars : les femmes de la province engag\u00e9es dans l\u2019action pour leur autonomisation \u00e0 Godyr<\/strong><\/p>\n<p><strong>Godyr, 9 mars 2026 (AIB) \u2013 La province du Sangui\u00e9 a comm\u00e9mor\u00e9 la 169e Journ\u00e9e internationale des droits de la femme, le dimanche 8 mars 2026 dans la commune de Godyr, avec un engagement des femmes de la localit\u00e9, dans l\u2019action pour leur autonomisation.<\/strong><\/p>\n<p>C\u2019est sous le th\u00e8me, \u00ab B\u00e2tir une paix durable au Burkina Faso : quelle contribution des femmes et des filles \u00e0 la promotion du vivre-ensemble \u00bb que la Journ\u00e9e a \u00e9t\u00e9 comm\u00e9mor\u00e9e. Cette c\u00e9l\u00e9bration provinciale a \u00e9t\u00e9 marqu\u00e9e par des activit\u00e9s ax\u00e9es sur l\u2019autonomisation \u00e9conomique des femmes, la solidarit\u00e9 et la promotion de la coh\u00e9sion sociale.<\/p>\n<p>La c\u00e9r\u00e9monie officielle a mobilis\u00e9 autorit\u00e9s administratives, responsables d\u2019organisations f\u00e9minines et populations venues saluer la contribution des femmes au d\u00e9veloppement local et \u00e0 la construction de la paix.<\/p>\n<p>Le pr\u00e9sident de la d\u00e9l\u00e9gation sp\u00e9ciale (PDS) de la commune de Godyr, Pato\u00e9n\u00e9wend\u00e9 Adama Congo, a exprim\u00e9 sa gratitude pour le choix port\u00e9 sur la commune de Godyr pour accueillir cette comm\u00e9moration provinciale. Il a rendu hommage aux femmes de Godyr et de toute la province du Sangui\u00e9 pour leur engagement constant dans les initiatives de d\u00e9veloppement.<\/p>\n<p>\u00ab La femme est la base de la cellule familiale et la m\u00e8re de l\u2019humanit\u00e9 \u00bb, a-t-il rappel\u00e9, invitant les populations et les partenaires au d\u00e9veloppement \u00e0 redoubler d\u2019efforts pour cr\u00e9er un environnement favorable \u00e0 l\u2019\u00e9panouissement des femmes et des filles.<\/p>\n<p>Selon la coordonnatrice provinciale des organisations f\u00e9minines du Sangui\u00e9, Esther Bamouni\/Kansono, les femmes de la province ont choisi de c\u00e9l\u00e9brer le 8 mars autrement en mettant l\u2019accent sur des activit\u00e9s utiles \u00e0 la communaut\u00e9.<\/p>\n<p>Depuis le 1er mars, plusieurs initiatives ont \u00e9t\u00e9 men\u00e9es, notamment des op\u00e9rations de salubrit\u00e9 dans certains services publics afin d\u2019assainir le cadre de vie des travailleurs. Des formations ont \u00e9galement \u00e9t\u00e9 organis\u00e9es au profit des femmes sur la fabrication du savon liquide, du savon traditionnel \u00ab Kabakourou \u00bb et la confection du pagne local \u00ab kokodonda \u00bb.<\/p>\n<p>Dans la m\u00eame dynamique, les participantes ont b\u00e9n\u00e9fici\u00e9 d\u2019une formation sur la production de charbon \u00e9cologique, une alternative destin\u00e9e \u00e0 r\u00e9duire la pression sur les ressources foresti\u00e8res.<\/p>\n<p>Les organisatrices ont \u00e9galement effectu\u00e9 des visites de terrain aupr\u00e8s de femmes entrepreneures, notamment dans une coop\u00e9rative de production de p\u00e2te d&rsquo;arachides et dans une unit\u00e9 d\u2019\u00e9levage de porcs de race locale. Pour les responsables, ces initiatives illustrent la capacit\u00e9 des femmes \u00e0 entreprendre et \u00e0 renforcer leur autonomie \u00e9conomique.<\/p>\n<p>La directrice provinciale de la famille et de la solidarit\u00e9 du Sangui\u00e9, Mme Zongo\/Ouedraogo Fatimata, a salu\u00e9 l\u2019engagement des femmes et leur adh\u00e9sion aux orientations du gouvernement visant \u00e0 privil\u00e9gier des activit\u00e9s productives lors de la c\u00e9l\u00e9bration du 8 mars.<\/p>\n<p>Elle a \u00e9galement indiqu\u00e9 que des activit\u00e9s sanitaires ont \u00e9t\u00e9 organis\u00e9es, notamment le d\u00e9pistage du cancer du col de l\u2019ut\u00e9rus et de l\u2019h\u00e9patite B, ainsi que des causeries \u00e9ducatives, gr\u00e2ce \u00e0 la mobilisation d\u2019une clinique mobile venue jusqu\u2019\u00e0 Godyr.<\/p>\n<p>Pr\u00e9sidente de la c\u00e9r\u00e9monie, le haut-commissaire de la province du Sangui\u00e9, Mme Talari Germaine Ouoba, a f\u00e9licit\u00e9 les femmes pour leur mobilisation et leur engagement dans des actions concr\u00e8tes. Elle a invit\u00e9 les femmes de la province \u00e0 poursuivre leurs initiatives \u00e9conomiques, \u00e0 s\u2019approprier les initiatives pr\u00e9sidentielles et \u00e0 abandonner la logique d\u2019assistanat afin de contribuer davantage au d\u00e9veloppement de la province et du pays.<\/p>\n<p>La c\u00e9l\u00e9bration a \u00e9galement \u00e9t\u00e9 marqu\u00e9e par des actions de solidarit\u00e9 envers les personnes vuln\u00e9rables, notamment les personnes d\u00e9plac\u00e9es internes et les personnes vivant avec un handicap, qui ont b\u00e9n\u00e9fici\u00e9 de dons de vivres.<\/p>\n<p>Les femmes du Sangui\u00e9 ont enfin annonc\u00e9 leur participation \u00e0 l\u2019initiative Faso-M\u00eabo pr\u00e9vue le 9 mars, dans l\u2019optique de contribuer \u00e0 l\u2019effort national de d\u00e9veloppement et de coh\u00e9sion sociale.<\/p>\n<p style=\"text-align: right\">\n<strong>Agence d&rsquo;information du Burkina <\/strong><br \/>\n<strong>FGB\/AS\/ATA<\/strong><\/p>\n","protected":false},"excerpt":{"rendered":"<p>BURKINA-SANGUIE-JOURNEE-INTERNATIONALE-FEMME-COMMEMORATION Sangui\u00e9\/8 mars : les femmes de la province engag\u00e9es dans l\u2019action pour leur autonomisation \u00e0 Godyr Godyr, 9 mars 2026 (AIB) \u2013 La province du Sangui\u00e9 a comm\u00e9mor\u00e9 la 169e Journ\u00e9e internationale des droits de la femme, le dimanche 8 mars 2026 dans la commune de Godyr, avec un engagement des femmes de la [&hellip;]<\/p>\n","protected":false},"author":21,"featured_media":142712,"comment_status":"open","ping_status":"open","sticky":false,"template":"","format":"standard","meta":{"advanced_seo_description":"","jetpack_seo_html_title":"","jetpack_seo_noindex":false,"jetpack_post_was_ever_published":false,"footnotes":""},"categories":[47,173,93,203,784,36],"tags":[],"class_list":{"0":"post-142711","1":"post","2":"type-post","3":"status-publish","4":"format-standard","5":"has-post-thumbnail","7":"category-centre-ouest","8":"category-depeches","9":"category-flashinfos","10":"category-la-une-aib","11":"category-sanguie","12":"category-societe"},"jetpack_featured_media_url":"https:\/\/i0.wp.com\/www.aib.media\/wp-content\/uploads\/2026\/03\/2-19.jpeg?fit=720%2C413&ssl=1","jetpack_shortlink":"https:\/\/wp.me\/pavbHe-B7N","_links":{"self":[{"href":"https:\/\/www.aib.media\/index.php?rest_route=\/wp\/v2\/posts\/142711","targetHints":{"allow":["GET"]}}],"collection":[{"href":"https:\/\/www.aib.media\/index.php?rest_route=\/wp\/v2\/posts"}],"about":[{"href":"https:\/\/www.aib.media\/index.php?rest_route=\/wp\/v2\/types\/post"}],"author":[{"embeddable":true,"href":"https:\/\/www.aib.media\/index.php?rest_route=\/wp\/v2\/users\/21"}],"replies":[{"embeddable":true,"href":"https:\/\/www.aib.media\/index.php?rest_route=%2Fwp%2Fv2%2Fcomments&post=142711"}],"version-history":[{"count":1,"href":"https:\/\/www.aib.media\/index.php?rest_route=\/wp\/v2\/posts\/142711\/revisions"}],"predecessor-version":[{"id":142713,"href":"https:\/\/www.aib.media\/index.php?rest_route=\/wp\/v2\/posts\/142711\/revisions\/142713"}],"wp:featuredmedia":[{"embeddable":true,"href":"https:\/\/www.aib.media\/index.php?rest_route=\/wp\/v2\/media\/142712"}],"wp:attachment":[{"href":"https:\/\/www.aib.media\/index.php?rest_route=%2Fwp%2Fv2%2Fmedia&parent=142711"}],"wp:term":[{"taxonomy":"category","embeddable":true,"href":"https:\/\/www.aib.media\/index.php?rest_route=%2Fwp%2Fv2%2Fcategories&post=142711"},{"taxonomy":"post_tag","embeddable":true,"href":"https:\/\/www.aib.media\/index.php?rest_route=%2Fwp%2Fv2%2Ftags&post=142711"}],"curies":[{"name":"wp","href":"https:\/\/api.w.org\/{rel}","templated":true}]}}