{"id":142708,"date":"2026-03-09T16:03:13","date_gmt":"2026-03-09T16:03:13","guid":{"rendered":"https:\/\/www.aib.media\/?p=142708"},"modified":"2026-03-09T16:03:13","modified_gmt":"2026-03-09T16:03:13","slug":"yatenga-conseil-decole-le-lycee-departemental-de-seguenega-fait-son-bilan-trimestriel","status":"publish","type":"post","link":"https:\/\/www.aib.media\/?p=142708","title":{"rendered":"Yatenga\/Conseil d&rsquo;\u00e9cole : le lyc\u00e9e d\u00e9partemental de S\u00e9gu\u00e9n\u00e9ga fait son bilan trimestriel"},"content":{"rendered":"<p><strong>Yatenga\/Conseil d&rsquo;\u00e9cole : le lyc\u00e9e d\u00e9partemental de S\u00e9gu\u00e9n\u00e9ga fait son bilan trimestriel<\/strong><\/p>\n<p><strong>S\u00e9gu\u00e9n\u00e9ga, 9 mars 2026 (AIB)-Le bureau du Conseil de l&rsquo;\u00e9cole du lyc\u00e9e d\u00e9partemental de S\u00e9gu\u00e9n\u00e9ga a tenu son Assembl\u00e9e g\u00e9n\u00e9rale ordinaire le samedi 7 mars 2026 et a fait son bilan trimestriel, a constat\u00e9 l\u2019AIB.<\/strong><\/p>\n<p>La rencontre, pr\u00e9sid\u00e9e par le pr\u00e9sident du bureau, Bassirou Guiro, a r\u00e9uni les leaders d&rsquo;opinion et les forces vives de la commune. Les participants ont \u00e9t\u00e9 invit\u00e9s \u00e0 maintenir une dynamique collective pour garantir de meilleurs r\u00e9sultats durant le reste de l&rsquo;ann\u00e9e scolaire pour un meilleur rayonnement du lyc\u00e9e.<\/p>\n<p>L&rsquo;ordre du jour de cette rencontre portait sur le bilan moral et financier, ainsi que la pr\u00e9sentation d&rsquo;un plan d&rsquo;action pour am\u00e9liorer la qualit\u00e9 de l&rsquo;enseignement. Le pr\u00e9sident Guiro a \u00e9voqu\u00e9 les pr\u00e9occupations majeures du lyc\u00e9e, notamment la discipline, l&rsquo;assiduit\u00e9 des \u00e9l\u00e8ves, les conditions mat\u00e9rielles de travail et la collaboration entre parents et administration. Il a \u00e9galement soulign\u00e9 l&rsquo;insuffisance de manuels dans quelques disciplines d&rsquo;enseignement.<\/p>\n<p>Au cours de la s\u00e9ance, le Secr\u00e9taire g\u00e9n\u00e9ral, Sayouba Ou\u00e9draogo a pr\u00e9sent\u00e9 un plan d&rsquo;action d\u00e9taill\u00e9 ax\u00e9 sur treize grands points, visant \u00e0 am\u00e9liorer la qualit\u00e9 de l&rsquo;enseignement\/apprentissage, du climat et de l&rsquo;environnement scolaire. Les points abord\u00e9s incluent l&rsquo;insuffisance de manuels scolaires, l&rsquo;abandon et le retard \u00e0 l&rsquo;\u00e9cole, le probl\u00e8me d&rsquo;eau et les pannes r\u00e9currentes des installations \u00e9lectriques, ainsi que les difficult\u00e9s de prise en charge des premiers soins des \u00e9l\u00e8ves et de fonctionnement de l&rsquo;\u00e9tablissement.<\/p>\n<p>L\u2019assembl\u00e9e a fait des propositions de solutions que sont entre autres le renforcement du suivi p\u00e9dagogique, l&rsquo;am\u00e9lioration de la communication avec les parents et la mobilisation communautaire pour soutenir l&rsquo;\u00e9tablissement.<\/p>\n<p style=\"text-align: right\">\n<strong>Agence d\u2019information du Burkina<\/strong><br \/>\n<strong>lg\/pn\/as\/ata<\/strong><\/p>\n","protected":false},"excerpt":{"rendered":"<p>Yatenga\/Conseil d&rsquo;\u00e9cole : le lyc\u00e9e d\u00e9partemental de S\u00e9gu\u00e9n\u00e9ga fait son bilan trimestriel S\u00e9gu\u00e9n\u00e9ga, 9 mars 2026 (AIB)-Le bureau du Conseil de l&rsquo;\u00e9cole du lyc\u00e9e d\u00e9partemental de S\u00e9gu\u00e9n\u00e9ga a tenu son Assembl\u00e9e g\u00e9n\u00e9rale ordinaire le samedi 7 mars 2026 et a fait son bilan trimestriel, a constat\u00e9 l\u2019AIB. La rencontre, pr\u00e9sid\u00e9e par le pr\u00e9sident du bureau, [&hellip;]<\/p>\n","protected":false},"author":21,"featured_media":142709,"comment_status":"open","ping_status":"open","sticky":false,"template":"","format":"standard","meta":{"advanced_seo_description":"","jetpack_seo_html_title":"","jetpack_seo_noindex":false,"jetpack_post_was_ever_published":false,"footnotes":""},"categories":[173,93,203,51,36,126],"tags":[],"class_list":{"0":"post-142708","1":"post","2":"type-post","3":"status-publish","4":"format-standard","5":"has-post-thumbnail","7":"category-depeches","8":"category-flashinfos","9":"category-la-une-aib","10":"category-nord","11":"category-societe","12":"category-yatenga"},"jetpack_featured_media_url":"https:\/\/i0.wp.com\/www.aib.media\/wp-content\/uploads\/2026\/03\/95.jpeg?fit=1080%2C717&ssl=1","jetpack_shortlink":"https:\/\/wp.me\/pavbHe-B7K","_links":{"self":[{"href":"https:\/\/www.aib.media\/index.php?rest_route=\/wp\/v2\/posts\/142708","targetHints":{"allow":["GET"]}}],"collection":[{"href":"https:\/\/www.aib.media\/index.php?rest_route=\/wp\/v2\/posts"}],"about":[{"href":"https:\/\/www.aib.media\/index.php?rest_route=\/wp\/v2\/types\/post"}],"author":[{"embeddable":true,"href":"https:\/\/www.aib.media\/index.php?rest_route=\/wp\/v2\/users\/21"}],"replies":[{"embeddable":true,"href":"https:\/\/www.aib.media\/index.php?rest_route=%2Fwp%2Fv2%2Fcomments&post=142708"}],"version-history":[{"count":1,"href":"https:\/\/www.aib.media\/index.php?rest_route=\/wp\/v2\/posts\/142708\/revisions"}],"predecessor-version":[{"id":142710,"href":"https:\/\/www.aib.media\/index.php?rest_route=\/wp\/v2\/posts\/142708\/revisions\/142710"}],"wp:featuredmedia":[{"embeddable":true,"href":"https:\/\/www.aib.media\/index.php?rest_route=\/wp\/v2\/media\/142709"}],"wp:attachment":[{"href":"https:\/\/www.aib.media\/index.php?rest_route=%2Fwp%2Fv2%2Fmedia&parent=142708"}],"wp:term":[{"taxonomy":"category","embeddable":true,"href":"https:\/\/www.aib.media\/index.php?rest_route=%2Fwp%2Fv2%2Fcategories&post=142708"},{"taxonomy":"post_tag","embeddable":true,"href":"https:\/\/www.aib.media\/index.php?rest_route=%2Fwp%2Fv2%2Ftags&post=142708"}],"curies":[{"name":"wp","href":"https:\/\/api.w.org\/{rel}","templated":true}]}}