{"id":142703,"date":"2026-03-09T15:56:54","date_gmt":"2026-03-09T15:56:54","guid":{"rendered":"https:\/\/www.aib.media\/?p=142703"},"modified":"2026-03-09T15:56:54","modified_gmt":"2026-03-09T15:56:54","slug":"commemoration-8-mars-les-femmes-sensibilisees-a-prendre-part-a-la-resolution-des-conflits-et-a-la-promotion-de-la-paix","status":"publish","type":"post","link":"https:\/\/www.aib.media\/?p=142703","title":{"rendered":"Comm\u00e9moration 8 mars : les femmes sensibilis\u00e9es \u00e0 prendre part \u00e0 la r\u00e9solution des conflits et \u00e0 la promotion de la paix"},"content":{"rendered":"<p><strong>Comm\u00e9moration 8 mars : les femmes sensibilis\u00e9es \u00e0 prendre part \u00e0 la r\u00e9solution des conflits et \u00e0 la promotion de la paix<\/strong><\/p>\n<p><strong>Ouahigouya, 9 mars 2026 (AIB)- Dans le cadre de comm\u00e9moration de la 169\u00e8me Journ\u00e9e internationale des droits des femmes, la Coordination r\u00e9gionale des femmes de la r\u00e9gion de Yaadga a \u00e9t\u00e9 sensibilis\u00e9e le samedi 7 mars, \u00e0 prendre part \u00e0 la r\u00e9solution des conflits \u00e0 la promotion de la paix, a constat\u00e9 l\u2019AIB.<\/strong><\/p>\n<p>C\u2019est sous le th\u00e8me de la journ\u00e9e du 8 mars, \u00ab b\u00e2tir une paix durable au Burkina Faso : quelles contributions des femmes et des filles pour la promotion du vivre ensemble ?\u00bb que la conf\u00e9rence a \u00e9t\u00e9 men\u00e9e sous la pr\u00e9sidence du gouverneur de la r\u00e9gion Thomas Yampa.<\/p>\n<p>Cette conf\u00e9rence sur le th\u00e8me de journ\u00e9e comm\u00e9morative a eu pour cadre la maison de la femme de Ouahigouya. Femmes h\u00f4tes, d\u00e9plac\u00e9es, coutumiers, membres de plusieurs structures associatives de jeunesse et de femmes, autorit\u00e9s administratives entre autres se sont mobilis\u00e9s pour une meilleure compr\u00e9hension du th\u00e8me.<\/p>\n<p>En sa qualit\u00e9 de pr\u00e9sident de la conf\u00e9rence, le gouverneur Thomas Yampa a signifi\u00e9 qu\u2019au-del\u00e0 de la pertinence du th\u00e8me propos\u00e9, cette ann\u00e9e dans le cadre de cette Journ\u00e9e internationale des droits des femmes il est question pour les femmes et filles de la r\u00e9gion, de promouvoir le leadership et l\u2019entrepreneuriat. \u00abJe reste convaincu qu\u2019une telle mentalit\u00e9 soutenue par des actions concr\u00e8tes et un accompagnement de tous \u00e0 l\u2019endroit des femmes renforcera leurs capacit\u00e9s de contribuer effective \u00e0 la coh\u00e9sion sociale et au d\u00e9veloppement de la Nation enti\u00e8re\u00bb, a soutenu le gouverneur Yampa.<\/p>\n<p>Pour sa part, la coordonnatrice r\u00e9gionale des femmes, Dj\u00e9neba Sodr\u00e9\/Sangarba a exprim\u00e9 sa gratitude au nom des femmes de Yaadga au Pr\u00e9sident du Faso le Capitaine Ibrahim Traor\u00e9, \u00e0 son gouvernement et aux partenaires techniques et financiers pour les actions concr\u00e8tes en faveur de l\u2019autonomisation des femmes.<\/p>\n<p>\u00ab Les femmes de Yaadga ne sont pas que des actrices de la paix, mais de v\u00e9ritables piliers et artisanes de la promotion du vivre ensemble. Je souhaite que les contributions en vue d\u2019enrichir le th\u00e8me de la conf\u00e9rence permettent aux femmes d\u2019\u00eatre actives \u00e0 travers des initiatives concr\u00e8tes pour b\u00e2tir une paix durable au Faso. \u00bb a indiqu\u00e9 Mme Sodr\u00e9.<\/p>\n<p>Le th\u00e8me a \u00e9t\u00e9 conjointement d\u00e9cortiqu\u00e9 et traduit en langue locale moor\u00e9 par la coordonnatrice r\u00e9gionale des femmes et le directeur r\u00e9gional de la famille et de la solidarit\u00e9. Des contributions et pr\u00e9occupations en lien avec le th\u00e8me ont permis \u00e0 l\u2019assistance de mieux cerner les enjeux.<\/p>\n<p>Une visite de stands d\u2019expositions des femmes a mis fin \u00e0 cette activit\u00e9 qui a \u00e9t\u00e9 soutenu techniquement et financi\u00e8rement par des partenaires.<\/p>\n<p style=\"text-align: right\">\n<strong>Agence d\u2019information du Burkina<\/strong><br \/>\n<strong>pn\/as\/ata<\/strong><\/p>\n","protected":false},"excerpt":{"rendered":"<p>Comm\u00e9moration 8 mars : les femmes sensibilis\u00e9es \u00e0 prendre part \u00e0 la r\u00e9solution des conflits et \u00e0 la promotion de la paix Ouahigouya, 9 mars 2026 (AIB)- Dans le cadre de comm\u00e9moration de la 169\u00e8me Journ\u00e9e internationale des droits des femmes, la Coordination r\u00e9gionale des femmes de la r\u00e9gion de Yaadga a \u00e9t\u00e9 sensibilis\u00e9e le [&hellip;]<\/p>\n","protected":false},"author":21,"featured_media":142706,"comment_status":"open","ping_status":"open","sticky":false,"template":"","format":"standard","meta":{"advanced_seo_description":"","jetpack_seo_html_title":"","jetpack_seo_noindex":false,"jetpack_post_was_ever_published":false,"footnotes":""},"categories":[173,93,203,51,36,126],"tags":[],"class_list":{"0":"post-142703","1":"post","2":"type-post","3":"status-publish","4":"format-standard","5":"has-post-thumbnail","7":"category-depeches","8":"category-flashinfos","9":"category-la-une-aib","10":"category-nord","11":"category-societe","12":"category-yatenga"},"jetpack_featured_media_url":"https:\/\/i0.wp.com\/www.aib.media\/wp-content\/uploads\/2026\/03\/89.jpeg?fit=1024%2C574&ssl=1","jetpack_shortlink":"https:\/\/wp.me\/pavbHe-B7F","_links":{"self":[{"href":"https:\/\/www.aib.media\/index.php?rest_route=\/wp\/v2\/posts\/142703","targetHints":{"allow":["GET"]}}],"collection":[{"href":"https:\/\/www.aib.media\/index.php?rest_route=\/wp\/v2\/posts"}],"about":[{"href":"https:\/\/www.aib.media\/index.php?rest_route=\/wp\/v2\/types\/post"}],"author":[{"embeddable":true,"href":"https:\/\/www.aib.media\/index.php?rest_route=\/wp\/v2\/users\/21"}],"replies":[{"embeddable":true,"href":"https:\/\/www.aib.media\/index.php?rest_route=%2Fwp%2Fv2%2Fcomments&post=142703"}],"version-history":[{"count":1,"href":"https:\/\/www.aib.media\/index.php?rest_route=\/wp\/v2\/posts\/142703\/revisions"}],"predecessor-version":[{"id":142707,"href":"https:\/\/www.aib.media\/index.php?rest_route=\/wp\/v2\/posts\/142703\/revisions\/142707"}],"wp:featuredmedia":[{"embeddable":true,"href":"https:\/\/www.aib.media\/index.php?rest_route=\/wp\/v2\/media\/142706"}],"wp:attachment":[{"href":"https:\/\/www.aib.media\/index.php?rest_route=%2Fwp%2Fv2%2Fmedia&parent=142703"}],"wp:term":[{"taxonomy":"category","embeddable":true,"href":"https:\/\/www.aib.media\/index.php?rest_route=%2Fwp%2Fv2%2Fcategories&post=142703"},{"taxonomy":"post_tag","embeddable":true,"href":"https:\/\/www.aib.media\/index.php?rest_route=%2Fwp%2Fv2%2Ftags&post=142703"}],"curies":[{"name":"wp","href":"https:\/\/api.w.org\/{rel}","templated":true}]}}