{"id":142701,"date":"2026-03-09T15:50:54","date_gmt":"2026-03-09T15:50:54","guid":{"rendered":"https:\/\/www.aib.media\/?p=142701"},"modified":"2026-03-09T15:50:54","modified_gmt":"2026-03-09T15:50:54","slug":"gayeri-34-jeunes-filles-formees-en-developpement-personnel","status":"publish","type":"post","link":"https:\/\/www.aib.media\/?p=142701","title":{"rendered":"Gay\u00e9ri : 34 jeunes filles form\u00e9es en d\u00e9veloppement personnel"},"content":{"rendered":"<p><strong>Gay\u00e9ri : 34 jeunes filles form\u00e9es en d\u00e9veloppement personnel<\/strong><\/p>\n<p><strong>Gay\u00e9ri, 8 mars 2026 (AIB)-Le cur\u00e9 de la paroisse de Gay\u00e9ri, l\u2019abb\u00e9 Abel Ouali, a anim\u00e9 une session de formation au profit de jeunes filles de la commune sur le th\u00e8me : \u00ab Jeunes filles et d\u00e9veloppement personnel \u00bb. Au total, 34 participantes \u00e2g\u00e9es de 13 \u00e0 27 ans ont pris part \u00e0 cette activit\u00e9 organis\u00e9e \u00e0 l\u2019occasion de la Journ\u00e9e internationale de la femme<\/strong>.<\/p>\n<p>Cette initiative visait \u00e0 accompagner les jeunes filles dans leur \u00e9panouissement personnel, moral et spirituel afin de mieux pr\u00e9parer leur avenir.<\/p>\n<p>Au cours de la formation, plusieurs th\u00e9matiques ont \u00e9t\u00e9 d\u00e9velopp\u00e9es. Il s\u2019agit notamment de la connaissance de soi, de la gestion des \u00e9motions, des sentiments, des joies et des peurs. Les participantes ont \u00e9galement \u00e9t\u00e9 entretenues sur la connaissance de Dieu, la fraternit\u00e9, le partage ainsi que la communion fraternelle.<\/p>\n<p>L\u2019abb\u00e9 Abel Ouali a par ailleurs insist\u00e9 sur l\u2019importance, pour les jeunes filles, d\u2019adopter un comportement exemplaire, digne d\u2019un mod\u00e8le de jeune fille catholique, en vivant selon les enseignements de Dieu et en \u00e9vitant les comportements d\u00e9viants.<\/p>\n<p>Selon le cur\u00e9 de la paroisse de Gay\u00e9ri, l\u2019\u00c9glise catholique enfante, nourrit, accompagne et \u00e9duque ses enfants sans distinction ni discrimination, d\u2019o\u00f9 l\u2019importance d\u2019encadrer la jeunesse \u00e0 travers ce type d\u2019initiatives.<\/p>\n<p>En plus des enseignements th\u00e9oriques, les participantes ont \u00e9galement b\u00e9n\u00e9fici\u00e9 d\u2019une initiation \u00e0 la fabrication du \u00ab koko-dondo \u00bb, une activit\u00e9 g\u00e9n\u00e9ratrice de revenus pouvant contribuer \u00e0 leur autonomisation et \u00e0 leur d\u00e9veloppement personnel.<\/p>\n<p>Pour Tambangou Marceline, pr\u00e9sidente des jeunes filles de la paroisse, cette formation a \u00e9t\u00e9 tr\u00e8s enrichissante. Elle a indiqu\u00e9 qu\u2019elle a permis aux participantes d\u2019apprendre \u00e0 mieux g\u00e9rer leur vie quotidienne et \u00e0 se pr\u00e9parer pour leur avenir.<\/p>\n<p>Cette session de formation s\u2019inscrit dans la dynamique de l\u2019\u00c9glise locale visant \u00e0 promouvoir l\u2019\u00e9ducation, la responsabilit\u00e9 et l\u2019autonomisation des jeunes filles au sein de la communaut\u00e9.<\/p>\n<p style=\"text-align: right\"><strong>Agence d\u2019Information du Burkina <\/strong><br \/>\n<strong>LNY\/ata<\/strong><\/p>\n","protected":false},"excerpt":{"rendered":"<p>Gay\u00e9ri : 34 jeunes filles form\u00e9es en d\u00e9veloppement personnel Gay\u00e9ri, 8 mars 2026 (AIB)-Le cur\u00e9 de la paroisse de Gay\u00e9ri, l\u2019abb\u00e9 Abel Ouali, a anim\u00e9 une session de formation au profit de jeunes filles de la commune sur le th\u00e8me : \u00ab Jeunes filles et d\u00e9veloppement personnel \u00bb. Au total, 34 participantes \u00e2g\u00e9es de 13 [&hellip;]<\/p>\n","protected":false},"author":15,"featured_media":142704,"comment_status":"open","ping_status":"open","sticky":false,"template":"","format":"standard","meta":{"advanced_seo_description":"","jetpack_seo_html_title":"","jetpack_seo_noindex":false,"jetpack_post_was_ever_published":false,"footnotes":""},"categories":[173,93,118,203],"tags":[],"class_list":{"0":"post-142701","1":"post","2":"type-post","3":"status-publish","4":"format-standard","5":"has-post-thumbnail","7":"category-depeches","8":"category-flashinfos","9":"category-komandjari","10":"category-la-une-aib"},"jetpack_featured_media_url":"https:\/\/i0.wp.com\/www.aib.media\/wp-content\/uploads\/2026\/03\/IMG-20260309-WA01441.jpg?fit=984%2C432&ssl=1","jetpack_shortlink":"https:\/\/wp.me\/pavbHe-B7D","_links":{"self":[{"href":"https:\/\/www.aib.media\/index.php?rest_route=\/wp\/v2\/posts\/142701","targetHints":{"allow":["GET"]}}],"collection":[{"href":"https:\/\/www.aib.media\/index.php?rest_route=\/wp\/v2\/posts"}],"about":[{"href":"https:\/\/www.aib.media\/index.php?rest_route=\/wp\/v2\/types\/post"}],"author":[{"embeddable":true,"href":"https:\/\/www.aib.media\/index.php?rest_route=\/wp\/v2\/users\/15"}],"replies":[{"embeddable":true,"href":"https:\/\/www.aib.media\/index.php?rest_route=%2Fwp%2Fv2%2Fcomments&post=142701"}],"version-history":[{"count":1,"href":"https:\/\/www.aib.media\/index.php?rest_route=\/wp\/v2\/posts\/142701\/revisions"}],"predecessor-version":[{"id":142705,"href":"https:\/\/www.aib.media\/index.php?rest_route=\/wp\/v2\/posts\/142701\/revisions\/142705"}],"wp:featuredmedia":[{"embeddable":true,"href":"https:\/\/www.aib.media\/index.php?rest_route=\/wp\/v2\/media\/142704"}],"wp:attachment":[{"href":"https:\/\/www.aib.media\/index.php?rest_route=%2Fwp%2Fv2%2Fmedia&parent=142701"}],"wp:term":[{"taxonomy":"category","embeddable":true,"href":"https:\/\/www.aib.media\/index.php?rest_route=%2Fwp%2Fv2%2Fcategories&post=142701"},{"taxonomy":"post_tag","embeddable":true,"href":"https:\/\/www.aib.media\/index.php?rest_route=%2Fwp%2Fv2%2Ftags&post=142701"}],"curies":[{"name":"wp","href":"https:\/\/api.w.org\/{rel}","templated":true}]}}