{"id":142685,"date":"2026-03-09T13:59:45","date_gmt":"2026-03-09T13:59:45","guid":{"rendered":"https:\/\/www.aib.media\/?p=142685"},"modified":"2026-03-09T13:59:45","modified_gmt":"2026-03-09T13:59:45","slug":"kindi-veille-citoyenne-la-coordination-provinciale-mobilise-ses-membres-pour-lunite-et-laction","status":"publish","type":"post","link":"https:\/\/www.aib.media\/?p=142685","title":{"rendered":"Kindi\/Veille citoyenne : La coordination provinciale mobilise ses membres pour l&rsquo;unit\u00e9 et l&rsquo;action"},"content":{"rendered":"<p>BURKINA-BOULKIEMDE-KINDI-VEILLE-CITOYENNE-MISE-EN-TRAIN<\/p>\n<p><strong>Kindi\/Veille citoyenne : La coordination provinciale mobilise ses membres pour l&rsquo;unit\u00e9 et l&rsquo;action<\/strong><\/p>\n<p><strong>Kindi, 9 mars 2026 (AIB) &#8211; La coordination provinciale de la veille citoyenne, conduite par son pr\u00e9sident Allassane Zoubga, a \u00e9chang\u00e9 le mercredi 4 mars avec le bureau de Kindi-centre sur les id\u00e9aux de la R\u00e9volution et l&rsquo;urgence de structurer la cellule communale.<\/strong><\/p>\n<p>R\u00e9unis dans la salle des f\u00eates de la mairie de Kindi, les membres de la mission provinciale ont d&#8217;embl\u00e9e d\u00e9clin\u00e9 les objectifs cardinaux de la structure. Allassane Zoubga et sa d\u00e9l\u00e9gation ont exhort\u00e9 les acteurs locaux \u00e0 faire preuve de clairvoyance et de don de soi, des valeurs jug\u00e9es essentielles pour l&rsquo;atteinte des r\u00e9sultats escompt\u00e9s par la veille citoyenne.<\/p>\n<p>Au cours des \u00e9changes, la mission a instruit le bureau local de proc\u00e9der, dans les plus brefs d\u00e9lais, \u00e0 l\u2019installation officielle de la coordination communale. Cette \u00e9tape est consid\u00e9r\u00e9e comme cruciale pour renforcer le maillage territorial de la veille citoyenne dans la localit\u00e9.<\/p>\n<p>L\u2019un des moments forts de la rencontre a \u00e9t\u00e9 l&rsquo;intervention d&rsquo;un conseiller de la cellule, dont les t\u00e9moignages poignants ont captiv\u00e9 l\u2019assistance. Ce dernier a lanc\u00e9 un appel \u00e0 la jeunesse, l&rsquo;invitant \u00e0 se d\u00e9partir des \u00ab politiques politiciennes \u00bb et des man\u0153uvres divisionnistes pour se concentrer sur l&rsquo;int\u00e9r\u00eat sup\u00e9rieur de la nation. Ce message a \u00e9t\u00e9 salu\u00e9 par des vifs applaudissements, traduisant l&rsquo;adh\u00e9sion des participants aux propos tenus.<\/p>\n<p>La s\u00e9ance qui s&rsquo;est achev\u00e9e dans une ambiance de fraternit\u00e9 par une photo de famille, a permis de lever les zones d&rsquo;ombre \u00e0 travers une phase de questions-r\u00e9ponses, renfor\u00e7ant ainsi la coh\u00e9sion entre les \u00e9chelons provincial et local.<\/p>\n<p style=\"text-align: right\">\n<strong>Agence d&rsquo;information du Burkina <\/strong><br \/>\n<strong>CS\/PB\/AS\/ATA<\/strong><\/p>\n","protected":false},"excerpt":{"rendered":"<p>BURKINA-BOULKIEMDE-KINDI-VEILLE-CITOYENNE-MISE-EN-TRAIN Kindi\/Veille citoyenne : La coordination provinciale mobilise ses membres pour l&rsquo;unit\u00e9 et l&rsquo;action Kindi, 9 mars 2026 (AIB) &#8211; La coordination provinciale de la veille citoyenne, conduite par son pr\u00e9sident Allassane Zoubga, a \u00e9chang\u00e9 le mercredi 4 mars avec le bureau de Kindi-centre sur les id\u00e9aux de la R\u00e9volution et l&rsquo;urgence de structurer la [&hellip;]<\/p>\n","protected":false},"author":21,"featured_media":142688,"comment_status":"open","ping_status":"open","sticky":false,"template":"","format":"standard","meta":{"advanced_seo_description":"","jetpack_seo_html_title":"","jetpack_seo_noindex":false,"jetpack_post_was_ever_published":false,"footnotes":""},"categories":[109,47,173,93,203,36],"tags":[],"class_list":{"0":"post-142685","1":"post","2":"type-post","3":"status-publish","4":"format-standard","5":"has-post-thumbnail","7":"category-boulkiemde","8":"category-centre-ouest","9":"category-depeches","10":"category-flashinfos","11":"category-la-une-aib","12":"category-societe"},"jetpack_featured_media_url":"https:\/\/i0.wp.com\/www.aib.media\/wp-content\/uploads\/2026\/03\/77.jpeg?fit=1280%2C960&ssl=1","jetpack_shortlink":"https:\/\/wp.me\/pavbHe-B7n","_links":{"self":[{"href":"https:\/\/www.aib.media\/index.php?rest_route=\/wp\/v2\/posts\/142685","targetHints":{"allow":["GET"]}}],"collection":[{"href":"https:\/\/www.aib.media\/index.php?rest_route=\/wp\/v2\/posts"}],"about":[{"href":"https:\/\/www.aib.media\/index.php?rest_route=\/wp\/v2\/types\/post"}],"author":[{"embeddable":true,"href":"https:\/\/www.aib.media\/index.php?rest_route=\/wp\/v2\/users\/21"}],"replies":[{"embeddable":true,"href":"https:\/\/www.aib.media\/index.php?rest_route=%2Fwp%2Fv2%2Fcomments&post=142685"}],"version-history":[{"count":1,"href":"https:\/\/www.aib.media\/index.php?rest_route=\/wp\/v2\/posts\/142685\/revisions"}],"predecessor-version":[{"id":142689,"href":"https:\/\/www.aib.media\/index.php?rest_route=\/wp\/v2\/posts\/142685\/revisions\/142689"}],"wp:featuredmedia":[{"embeddable":true,"href":"https:\/\/www.aib.media\/index.php?rest_route=\/wp\/v2\/media\/142688"}],"wp:attachment":[{"href":"https:\/\/www.aib.media\/index.php?rest_route=%2Fwp%2Fv2%2Fmedia&parent=142685"}],"wp:term":[{"taxonomy":"category","embeddable":true,"href":"https:\/\/www.aib.media\/index.php?rest_route=%2Fwp%2Fv2%2Fcategories&post=142685"},{"taxonomy":"post_tag","embeddable":true,"href":"https:\/\/www.aib.media\/index.php?rest_route=%2Fwp%2Fv2%2Ftags&post=142685"}],"curies":[{"name":"wp","href":"https:\/\/api.w.org\/{rel}","templated":true}]}}