{"id":142684,"date":"2026-03-09T13:59:18","date_gmt":"2026-03-09T13:59:18","guid":{"rendered":"https:\/\/www.aib.media\/?p=142684"},"modified":"2026-03-09T14:03:08","modified_gmt":"2026-03-09T14:03:08","slug":"poni-le-pds-de-loropeni-appelle-les-forces-vives-a-renforcer-leur-engagement-patriotique","status":"publish","type":"post","link":"https:\/\/www.aib.media\/?p=142684","title":{"rendered":"Poni: Le PDS de Lorop\u00e9ni appelle les forces vives \u00e0 renforcer leur engagement patriotique"},"content":{"rendered":"<p><strong>Poni: Le PDS de Lorop\u00e9ni appelle les forces vives \u00e0 renforcer leur engagement patriotique<\/strong><\/p>\n<p><strong>Lorop\u00e9ni, 5 mars 2026 (AIB) \u2013 Le pr\u00e9sident de la d\u00e9l\u00e9gation sp\u00e9ciale (PDS) de la commune de Lorop\u00e9ni, Faon-Nignin\u00e8 Jean Damasc\u00e8ne Som\u00e9, a invit\u00e9, le lundi 2 mars 2026, les forces vives de la commune \u00e0 intensifier leur engagement patriotique afin d\u2019accompagner la vision des premi\u00e8res autorit\u00e9s du pays.<\/strong><\/p>\n<p>Cet appel a \u00e9t\u00e9 lanc\u00e9 lors de la c\u00e9r\u00e9monie mensuelle de mont\u00e9e des couleurs, organis\u00e9e au Centre de sant\u00e9 et de promotion sociale (CSPS) de Lorop\u00e9ni, en pr\u00e9sence des autorit\u00e9s administratives, coutumi\u00e8res et religieuses, ainsi que des forces de d\u00e9fense et de s\u00e9curit\u00e9.<\/p>\n<p>Selon le PDS, la commune de Lorop\u00e9ni figure parmi celles de la province du Poni qui ont mobilis\u00e9 une contribution importante lors du passage de l\u2019urne tournante dans le cadre de la campagne nationale de solidarit\u00e9 \u00ab D\u00eam\u00ea-sira \u00bb en janvier dernier. \u00c0 ce titre, il a f\u00e9licit\u00e9 l\u2019ensemble des populations pour cet \u00e9lan de solidarit\u00e9 et les a encourag\u00e9es \u00e0 maintenir cette dynamique.<\/p>\n<p>M. Som\u00e9 a par ailleurs exhort\u00e9 les forces vives \u00e0 intensifier la sensibilisation de la population en vue d\u2019assurer le succ\u00e8s de la collecte de fonds au profit de l\u2019initiative Faso M\u00eabo, dont le lancement est pr\u00e9vu prochainement.<\/p>\n<p>Dans la m\u00eame dynamique citoyenne, le PDS a propos\u00e9 l\u2019organisation de journ\u00e9es mensuelles de salubrit\u00e9 afin de contribuer \u00e0 l\u2019assainissement et \u00e0 la propret\u00e9 des services publics de la commune.<\/p>\n<p>La c\u00e9r\u00e9monie s\u2019est achev\u00e9e par une visite des locaux du CSPS de Lorop\u00e9ni.<\/p>\n<p>Agence d\u2019information du Burkina<br \/>\nSM\/ ms\/bak<\/p>\n","protected":false},"excerpt":{"rendered":"<p>Poni: Le PDS de Lorop\u00e9ni appelle les forces vives \u00e0 renforcer leur engagement patriotique Lorop\u00e9ni, 5 mars 2026 (AIB) \u2013 Le pr\u00e9sident de la d\u00e9l\u00e9gation sp\u00e9ciale (PDS) de la commune de Lorop\u00e9ni, Faon-Nignin\u00e8 Jean Damasc\u00e8ne Som\u00e9, a invit\u00e9, le lundi 2 mars 2026, les forces vives de la commune \u00e0 intensifier leur engagement patriotique afin [&hellip;]<\/p>\n","protected":false},"author":13,"featured_media":142686,"comment_status":"open","ping_status":"open","sticky":false,"template":"","format":"standard","meta":{"advanced_seo_description":"","jetpack_seo_html_title":"","jetpack_seo_noindex":false,"jetpack_post_was_ever_published":false,"footnotes":""},"categories":[173,93,203,138,54],"tags":[],"class_list":{"0":"post-142684","1":"post","2":"type-post","3":"status-publish","4":"format-standard","5":"has-post-thumbnail","7":"category-depeches","8":"category-flashinfos","9":"category-la-une-aib","10":"category-poni","11":"category-sud-ouest"},"jetpack_featured_media_url":"https:\/\/i0.wp.com\/www.aib.media\/wp-content\/uploads\/2026\/03\/WhatsApp-Image-2026-03-09-at-13.27.20.jpeg?fit=1280%2C576&ssl=1","jetpack_shortlink":"https:\/\/wp.me\/pavbHe-B7m","_links":{"self":[{"href":"https:\/\/www.aib.media\/index.php?rest_route=\/wp\/v2\/posts\/142684","targetHints":{"allow":["GET"]}}],"collection":[{"href":"https:\/\/www.aib.media\/index.php?rest_route=\/wp\/v2\/posts"}],"about":[{"href":"https:\/\/www.aib.media\/index.php?rest_route=\/wp\/v2\/types\/post"}],"author":[{"embeddable":true,"href":"https:\/\/www.aib.media\/index.php?rest_route=\/wp\/v2\/users\/13"}],"replies":[{"embeddable":true,"href":"https:\/\/www.aib.media\/index.php?rest_route=%2Fwp%2Fv2%2Fcomments&post=142684"}],"version-history":[{"count":1,"href":"https:\/\/www.aib.media\/index.php?rest_route=\/wp\/v2\/posts\/142684\/revisions"}],"predecessor-version":[{"id":142687,"href":"https:\/\/www.aib.media\/index.php?rest_route=\/wp\/v2\/posts\/142684\/revisions\/142687"}],"wp:featuredmedia":[{"embeddable":true,"href":"https:\/\/www.aib.media\/index.php?rest_route=\/wp\/v2\/media\/142686"}],"wp:attachment":[{"href":"https:\/\/www.aib.media\/index.php?rest_route=%2Fwp%2Fv2%2Fmedia&parent=142684"}],"wp:term":[{"taxonomy":"category","embeddable":true,"href":"https:\/\/www.aib.media\/index.php?rest_route=%2Fwp%2Fv2%2Fcategories&post=142684"},{"taxonomy":"post_tag","embeddable":true,"href":"https:\/\/www.aib.media\/index.php?rest_route=%2Fwp%2Fv2%2Ftags&post=142684"}],"curies":[{"name":"wp","href":"https:\/\/api.w.org\/{rel}","templated":true}]}}