{"id":142637,"date":"2026-03-09T12:59:59","date_gmt":"2026-03-09T12:59:59","guid":{"rendered":"https:\/\/www.aib.media\/?p=142637"},"modified":"2026-03-09T12:59:59","modified_gmt":"2026-03-09T12:59:59","slug":"sissili-celebration-du-8-mars-a-boura-la-femme-au-coeur-de-loffensive-pour-la-paix-et-le-vivre-ensemble","status":"publish","type":"post","link":"https:\/\/www.aib.media\/?p=142637","title":{"rendered":"Sissili : C\u00e9l\u00e9bration du 8-Mars \u00e0 Boura, la femme au c\u0153ur de l\u2019offensive pour la paix et le vivre-ensemble"},"content":{"rendered":"<p><strong>Sissili : C\u00e9l\u00e9bration du 8-Mars \u00e0 Boura, la femme au c\u0153ur de l\u2019offensive pour la paix et le vivre-ensemble<\/strong><\/p>\n<p><strong>Boura, 8 mars 2026 (AIB)-La commune de Boura, dans la province de la Sissili, a c\u00e9l\u00e9br\u00e9 ce dimanche 8 mars 2026 la 169e Journ\u00e9e internationale des droits de la femme. Plac\u00e9e sous le signe de la coh\u00e9sion sociale, cette \u00e9dition provinciale a mobilis\u00e9 des milliers de femmes autour du th\u00e8me : \u00ab B\u00e2tir une paix durable au Burkina Faso : quelle contribution des femmes et des filles \u00e0 la promotion du vivre-ensemble ? \u00bb La c\u00e9r\u00e9monie a \u00e9t\u00e9 pr\u00e9sid\u00e9e par le haut-commissaire T\u00e9wend\u00e9 Isaac Sia, avec le parrainage de Nathan Zopoula et de Mavaloh Christelle Kalhoul\u00e9.<\/strong><\/p>\n<p>D\u00e8s le 5 mars, une conf\u00e9rence-d\u00e9bat a r\u00e9uni les forces vives f\u00e9minines pour d\u00e9cortiquer le th\u00e8me national. Ce cadre d\u2019\u00e9changes a permis de d\u00e9finir des strat\u00e9gies locales visant \u00e0 renforcer le r\u00f4le des femmes dans la m\u00e9diation sociale. Cette \u00e9tape intellectuelle a \u00e9t\u00e9 suivie, le 6 mars, d\u2019une journ\u00e9e de salubrit\u00e9 et d\u2019embellissement de la ville de Boura, au cours de laquelle les femmes, balais, r\u00e2teaux et pelles en main, ont assaini les principales art\u00e8res de la commune, prouvant que le vivre-ensemble commence par le soin apport\u00e9 au cadre de vie commun.<\/p>\n<p>Pour la c\u00e9r\u00e9monie officielle, la cuvette du terrain communal de Boura a refus\u00e9 du monde ce dimanche 8 mars. Entre d\u00e9fil\u00e9s des organisations f\u00e9minines, prestations artistiques et expositions de savoir-faire locaux, les femmes de la Sissili, et particuli\u00e8rement celles de Boura, ont r\u00e9affirm\u00e9 leur r\u00f4le de piliers de la stabilit\u00e9 nationale.<\/p>\n<p>Ouvrant la s\u00e9rie des allocutions, le chef de canton de Boura a plac\u00e9 la journ\u00e9e sous la protection des anc\u00eatres. Pour lui, la joie qui anime la localit\u00e9 est \u00e0 la mesure de l\u2019enjeu. \u00ab La femme joue un r\u00f4le tr\u00e8s important. Elle contribue \u00e0 la coh\u00e9sion sociale et constitue un facteur de paix pour l\u2019\u00e9panouissement des populations \u00bb, a-t-il d\u00e9clar\u00e9.<\/p>\n<p>Portant la voix du parrainage, Mavaloh Christelle Kalhoul\u00e9 a us\u00e9 d\u2019une m\u00e9taphore agricole pour souligner l\u2019importance de l\u2019investissement dans le capital f\u00e9minin. \u00ab Pour parler de moisson, il faut d\u2019abord penser \u00e0 la semence. Voyons dans les femmes et les filles ces pr\u00e9cieuses semences. La qualit\u00e9 de ce que nous r\u00e9colterons demain d\u00e9pend de la mani\u00e8re dont nous les soutenons aujourd\u2019hui \u00bb, a-t-elle plaid\u00e9. Elle a conclu en invitant chaque femme \u00e0 \u00eatre un vecteur de transmission des valeurs de paix au sein des familles.<\/p>\n<p>Le haut-commissaire de la province de la Sissili, T\u00e9wend\u00e9 Isaac Sia, a salu\u00e9 une mobilisation \u00ab exceptionnelle \u00bb. Tout en rappelant que le th\u00e8me national est une invitation \u00e0 une implication pleine et enti\u00e8re des femmes, il a \u00e9num\u00e9r\u00e9 les actions concr\u00e8tes de l\u2019\u00c9tat dans la province. \u00ab Le gouvernement soutient notamment l\u2019am\u00e9nagement de jardins mara\u00eechers au profit des groupements f\u00e9minins. Des sessions de formation sont \u00e9galement organis\u00e9es pour accro\u00eetre l\u2019implication des femmes dans le d\u00e9veloppement provincial \u00bb, a pr\u00e9cis\u00e9 le d\u00e9positaire de l\u2019autorit\u00e9 de l\u2019\u00c9tat. Il a profit\u00e9 de l\u2019occasion pour annoncer que la commune de Bieha abritera la prochaine \u00e9dition provinciale, invitant les acteurs locaux \u00e0 se mettre d\u00e8s \u00e0 pr\u00e9sent \u00e0 la t\u00e2che.<\/p>\n<p>Pour la coordinatrice communale des femmes de Boura, Jos\u00e9phine Zogdia\/Zopoula, l\u2019engagement pour la paix ne se limite pas aux discours. \u00ab Concr\u00e8tement, nous agissons \u00e0 travers l\u2019\u00e9ducation de nos enfants et la promotion des valeurs de solidarit\u00e9. Pour garantir la paix, nous menons des actions de sensibilisation au quotidien \u00bb, a-t-elle martel\u00e9, soulignant que dans la commune \u00ab tout le monde met la main \u00e0 la p\u00e2te \u00bb.<\/p>\n<p>La c\u00e9l\u00e9bration a \u00e9t\u00e9 rehauss\u00e9e par la prestation de la diva de la musique burkinab\u00e8, Idak Bassav\u00e9, ainsi que par celles de plusieurs troupes traditionnelles. Une visite des stands d\u2019exposition a permis aux autorit\u00e9s de constater le dynamisme \u00e9conomique des groupements f\u00e9minins. Un match de football f\u00e9minin a clos les festivit\u00e9s dans une ambiance de fraternit\u00e9 retrouv\u00e9e.<\/p>\n<p style=\"text-align: right\"><strong>Agence d\u2019information du Burkina<\/strong><br \/>\n<strong>BAN\/ata<\/strong><\/p>\n","protected":false},"excerpt":{"rendered":"<p>Sissili : C\u00e9l\u00e9bration du 8-Mars \u00e0 Boura, la femme au c\u0153ur de l\u2019offensive pour la paix et le vivre-ensemble Boura, 8 mars 2026 (AIB)-La commune de Boura, dans la province de la Sissili, a c\u00e9l\u00e9br\u00e9 ce dimanche 8 mars 2026 la 169e Journ\u00e9e internationale des droits de la femme. Plac\u00e9e sous le signe de la [&hellip;]<\/p>\n","protected":false},"author":15,"featured_media":142640,"comment_status":"open","ping_status":"open","sticky":false,"template":"","format":"standard","meta":{"advanced_seo_description":"","jetpack_seo_html_title":"","jetpack_seo_noindex":false,"jetpack_post_was_ever_published":false,"footnotes":""},"categories":[173,93,83,111],"tags":[],"class_list":{"0":"post-142637","1":"post","2":"type-post","3":"status-publish","4":"format-standard","5":"has-post-thumbnail","7":"category-depeches","8":"category-flashinfos","9":"category-medias","10":"category-sissili"},"jetpack_featured_media_url":"https:\/\/i0.wp.com\/www.aib.media\/wp-content\/uploads\/2026\/03\/IMG-20260309-WA00624.jpg?fit=1280%2C1192&ssl=1","jetpack_shortlink":"https:\/\/wp.me\/pavbHe-B6B","_links":{"self":[{"href":"https:\/\/www.aib.media\/index.php?rest_route=\/wp\/v2\/posts\/142637","targetHints":{"allow":["GET"]}}],"collection":[{"href":"https:\/\/www.aib.media\/index.php?rest_route=\/wp\/v2\/posts"}],"about":[{"href":"https:\/\/www.aib.media\/index.php?rest_route=\/wp\/v2\/types\/post"}],"author":[{"embeddable":true,"href":"https:\/\/www.aib.media\/index.php?rest_route=\/wp\/v2\/users\/15"}],"replies":[{"embeddable":true,"href":"https:\/\/www.aib.media\/index.php?rest_route=%2Fwp%2Fv2%2Fcomments&post=142637"}],"version-history":[{"count":1,"href":"https:\/\/www.aib.media\/index.php?rest_route=\/wp\/v2\/posts\/142637\/revisions"}],"predecessor-version":[{"id":142641,"href":"https:\/\/www.aib.media\/index.php?rest_route=\/wp\/v2\/posts\/142637\/revisions\/142641"}],"wp:featuredmedia":[{"embeddable":true,"href":"https:\/\/www.aib.media\/index.php?rest_route=\/wp\/v2\/media\/142640"}],"wp:attachment":[{"href":"https:\/\/www.aib.media\/index.php?rest_route=%2Fwp%2Fv2%2Fmedia&parent=142637"}],"wp:term":[{"taxonomy":"category","embeddable":true,"href":"https:\/\/www.aib.media\/index.php?rest_route=%2Fwp%2Fv2%2Fcategories&post=142637"},{"taxonomy":"post_tag","embeddable":true,"href":"https:\/\/www.aib.media\/index.php?rest_route=%2Fwp%2Fv2%2Ftags&post=142637"}],"curies":[{"name":"wp","href":"https:\/\/api.w.org\/{rel}","templated":true}]}}