{"id":142632,"date":"2026-03-09T12:49:29","date_gmt":"2026-03-09T12:49:29","guid":{"rendered":"https:\/\/www.aib.media\/?p=142632"},"modified":"2026-03-09T12:49:29","modified_gmt":"2026-03-09T12:49:29","slug":"tannounyan-lancement-officiel-des-projets-precopev-et-procolev-pour-renforcer-la-resilience-communautaire-et-prevenir-lextremisme-violent","status":"publish","type":"post","link":"https:\/\/www.aib.media\/?p=142632","title":{"rendered":"Tannounyan : Lancement officiel des projets PRECOPEV et PROCOLEV pour renforcer la r\u00e9silience communautaire et pr\u00e9venir l\u2019extr\u00e9misme violent"},"content":{"rendered":"<p><strong>Burkina-Tannounyan-Banfora-SOS-Sahel-CRIGED-Atelier<\/strong><\/p>\n<p><strong>Tannounyan : Lancement officiel des projets PRECOPEV et PROCOLEV pour renforcer la r\u00e9silience communautaire et pr\u00e9venir l\u2019extr\u00e9misme violent<\/strong><\/p>\n<p>Banfora, 7 mars 2026 (AIB) &#8211; Un atelier conjoint de lancement officiel de deux initiatives majeures : Le Programme de r\u00e9silience et de coh\u00e9sion sociale pour la pr\u00e9vention de l\u2019extr\u00e9misme Violent (PRECOPEV) et le Projet communautaire de lutte contre l\u2019extr\u00e9misme violent (PROCOLEV), a \u00e9t\u00e9 organis\u00e9 \u00e0 Banfora, le jeudi, par L\u2019ONG SOS Sahel International Burkina Faso, et le Centre de recherche et d\u2019intervention en genre et d\u00e9veloppement (CRIGED).<\/p>\n<p>Plac\u00e9e sous la pr\u00e9sidence du gouverneur de la r\u00e9gion des Tannounyan, Patrice Y\u00e9y\u00e9, cette rencontre marque une \u00e9tape importante dans la mise en \u0153uvre d\u2019actions visant \u00e0 renforcer la r\u00e9silience communautaire, promouvoir la coh\u00e9sion sociale et pr\u00e9venir l\u2019extr\u00e9misme violent dans la r\u00e9gion.<\/p>\n<p>Mis en \u0153uvre par des consortia d\u2019organisations comprenant notamment SOS Sahel International Burkina Faso, le Centre de recherche et d\u2019intervention en genre et d\u00e9veloppement (CRIGED), avec la collaboration de partenaires associatifs, ces projets b\u00e9n\u00e9ficient de l\u2019appui technique et financier du Global community engagement and r\u00e9silience fund (GCERF). Leur objectif est de mobiliser l\u2019ensemble des acteurs institutionnels, communautaires et associatifs autour d\u2019une approche participative et inclusive afin de consolider la paix et la coh\u00e9sion sociale dans les communaut\u00e9s.<\/p>\n<p>D\u2019une dur\u00e9e de deux ans (janvier 2026 \u00e0 d\u00e9cembre 2027), les initiatives PRECOPEV et PROCOLEV ambitionnent d\u2019agir sur les causes profondes de la radicalisation tout en renfor\u00e7ant les facteurs de r\u00e9silience communautaire. Elles s\u2019articulent notamment autour du renforcement de la Gouvernance locale inclusive, de l\u2019autonomisation socio-\u00e9conomique des jeunes et des femmes, de la consolidation de la coh\u00e9sion sociale ainsi que de la prise en charge psychosociale des populations affect\u00e9es par les conflits et les violences.<\/p>\n<p>Au cours de la rencontre, les participants ont pu d\u00e9couvrir les objectifs et les axes d\u2019interventions des deux projets. Les \u00e9changes ont \u00e9galement port\u00e9 sur les r\u00f4les et responsabilit\u00e9s des diff\u00e9rentes parties prenantes, les m\u00e9canismes de coordination et de suivi-\u00e9valuation, ainsi que sur les attentes et recommandations des acteurs locaux en vue d\u2019assurer une mise en \u0153uvre efficace et concert\u00e9e des initiatives.<\/p>\n<p>Le Gouverneur de la r\u00e9gion des Tannounyan a salu\u00e9 ces initiatives qui s\u2019inscrivent dans la dynamique nationale de pr\u00e9vention de la radicalisation et de lutte contre l\u2019extr\u00e9misme violent, conform\u00e9ment \u00e0 la vision des plus hautes autorit\u00e9s du Burkina Faso visant \u00e0 b\u00e2tir un pays r\u00e9silient, solidaire et engag\u00e9 dans la promotion du vivre-ensemble.<\/p>\n<p>M. Y\u00e9y\u00e9 a manifest\u00e9 sa reconnaissance et sa gratitude \u00e0 l\u2019endroit de SOS Sahel et CRIGED pour le choix port\u00e9 sur la r\u00e9gion des Tannounyan pour la mise en \u0153uvre de ces projets. Il a invit\u00e9 \u00e9galement tous les acteurs \u00e0 se mobiliser et \u00e0 s\u2019engager pleinement pour la r\u00e9ussite de ces projets dans la r\u00e9gion.<\/p>\n<p>Le Pr\u00e9sident du conseil d\u2019administration (PCA) de SOS Sahel, Salifou Ou\u00e9draogo, est revenu sur le choix port\u00e9 sur la r\u00e9gion des tannounyan pour la mise en \u0153uvre de ces projets. Selon lui, cette r\u00e9gion frontali\u00e8re fait face \u00e0 plusieurs d\u00e9fis, notamment des probl\u00e8mes li\u00e9s \u00e0 la gestion des ressources naturelles ainsi que des tensions intercommunautaires, qui peuvent constituer un terreau favorable \u00e0 l\u2019extr\u00e9misme violent.<br \/>\nIl a indiqu\u00e9 que la mise en \u0153uvre de ces initiatives permettra de pr\u00e9venir ces situations \u00e0 travers des actions concr\u00e8tes visant \u00e0 renforcer la r\u00e9silience des populations.<\/p>\n<p>Parmi celles-ci figurent la r\u00e9alisation de forages, l\u2019am\u00e9nagement de p\u00e9rim\u00e8tres pour la culture mara\u00eech\u00e8re, ainsi que des activit\u00e9s de sensibilisation et de renforcement des capacit\u00e9s des communaut\u00e9s.<\/p>\n<p>Pour nous, cette r\u00e9gion a \u00e9t\u00e9 bien identifi\u00e9e et ces projets vont nous permettre d\u2019anticiper et d\u2019\u00e9viter des cas malheureux, a expliqu\u00e9 le PCA de SOS Sahel. Il a par ailleurs invit\u00e9 l\u2019ensemble des acteurs \u00e0 s\u2019engager afin que ces projets atteignent leurs objectifs, contribuent au renforcement des capacit\u00e9s \u00e9conomiques des communaut\u00e9s et favorisent davantage le vivre-ensemble.<\/p>\n<p>De son c\u00f4t\u00e9, le Conseill\u00e9 national de Global Community Engagement and R\u00e9silience Fund (GCERF), Youssouf Ouattara, a salu\u00e9 la mise en \u0153uvre de ces initiatives. Il a exprim\u00e9 toute la disponibilit\u00e9 de son institution \u00e0 accompagner ce type d\u2019actions en faveur de la paix, de la coh\u00e9sion sociale et du vivre-ensemble, soulignant que toutes les initiatives contribuant au bien-\u00eatre et au bonheur des populations m\u00e9ritent d\u2019\u00eatre soutenues.<\/p>\n<p>Cette rencontre a r\u00e9uni les autorit\u00e9s administratives, coutumi\u00e8res et religieuses, les forces de d\u00e9fense et s\u00e9curit\u00e9, les organisations de la soci\u00e9t\u00e9 civile ainsi que les partenaires techniques et financiers, tous engag\u00e9s pour la consolidation de la paix et de la coh\u00e9sion sociale dans la r\u00e9gion des Tannounayn.<\/p>\n<p><strong>Agence d\u2019information du Burkina <\/strong><br \/>\n<strong>JPY-dnk<\/strong><\/p>\n","protected":false},"excerpt":{"rendered":"<p>Burkina-Tannounyan-Banfora-SOS-Sahel-CRIGED-Atelier Tannounyan : Lancement officiel des projets PRECOPEV et PROCOLEV pour renforcer la r\u00e9silience communautaire et pr\u00e9venir l\u2019extr\u00e9misme violent Banfora, 7 mars 2026 (AIB) &#8211; Un atelier conjoint de lancement officiel de deux initiatives majeures : Le Programme de r\u00e9silience et de coh\u00e9sion sociale pour la pr\u00e9vention de l\u2019extr\u00e9misme Violent (PRECOPEV) et le Projet communautaire [&hellip;]<\/p>\n","protected":false},"author":13,"featured_media":142635,"comment_status":"open","ping_status":"open","sticky":false,"template":"","format":"standard","meta":{"advanced_seo_description":"","jetpack_seo_html_title":"","jetpack_seo_noindex":false,"jetpack_post_was_ever_published":false,"footnotes":""},"categories":[44,100,173,789,93,203,36],"tags":[],"class_list":{"0":"post-142632","1":"post","2":"type-post","3":"status-publish","4":"format-standard","5":"has-post-thumbnail","7":"category-cascade","8":"category-comoe","9":"category-depeches","10":"category-developpement","11":"category-flashinfos","12":"category-la-une-aib","13":"category-societe"},"jetpack_featured_media_url":"https:\/\/i0.wp.com\/www.aib.media\/wp-content\/uploads\/2026\/03\/WhatsApp-Image-2026-03-09-at-12.33.41.jpeg?fit=1080%2C719&ssl=1","jetpack_shortlink":"https:\/\/wp.me\/pavbHe-B6w","_links":{"self":[{"href":"https:\/\/www.aib.media\/index.php?rest_route=\/wp\/v2\/posts\/142632","targetHints":{"allow":["GET"]}}],"collection":[{"href":"https:\/\/www.aib.media\/index.php?rest_route=\/wp\/v2\/posts"}],"about":[{"href":"https:\/\/www.aib.media\/index.php?rest_route=\/wp\/v2\/types\/post"}],"author":[{"embeddable":true,"href":"https:\/\/www.aib.media\/index.php?rest_route=\/wp\/v2\/users\/13"}],"replies":[{"embeddable":true,"href":"https:\/\/www.aib.media\/index.php?rest_route=%2Fwp%2Fv2%2Fcomments&post=142632"}],"version-history":[{"count":1,"href":"https:\/\/www.aib.media\/index.php?rest_route=\/wp\/v2\/posts\/142632\/revisions"}],"predecessor-version":[{"id":142636,"href":"https:\/\/www.aib.media\/index.php?rest_route=\/wp\/v2\/posts\/142632\/revisions\/142636"}],"wp:featuredmedia":[{"embeddable":true,"href":"https:\/\/www.aib.media\/index.php?rest_route=\/wp\/v2\/media\/142635"}],"wp:attachment":[{"href":"https:\/\/www.aib.media\/index.php?rest_route=%2Fwp%2Fv2%2Fmedia&parent=142632"}],"wp:term":[{"taxonomy":"category","embeddable":true,"href":"https:\/\/www.aib.media\/index.php?rest_route=%2Fwp%2Fv2%2Fcategories&post=142632"},{"taxonomy":"post_tag","embeddable":true,"href":"https:\/\/www.aib.media\/index.php?rest_route=%2Fwp%2Fv2%2Ftags&post=142632"}],"curies":[{"name":"wp","href":"https:\/\/api.w.org\/{rel}","templated":true}]}}