{"id":142630,"date":"2026-03-09T12:41:19","date_gmt":"2026-03-09T12:41:19","guid":{"rendered":"https:\/\/www.aib.media\/?p=142630"},"modified":"2026-03-09T12:41:19","modified_gmt":"2026-03-09T12:41:19","slug":"koudougou-lajeco-offre-du-materiel-et-des-vivres-a-lagence-faso-mebo","status":"publish","type":"post","link":"https:\/\/www.aib.media\/?p=142630","title":{"rendered":"Koudougou : L\u2019AJECO offre du mat\u00e9riel et des vivres \u00e0 l\u2019Agence \u00ab Faso M\u00eabo \u00bb"},"content":{"rendered":"<p>BURKINA-NANDO-FASO-MEBO-AJECO-SOUTIEN<\/p>\n<p><strong>Koudougou : L\u2019AJECO offre du mat\u00e9riel et des vivres \u00e0 l\u2019Agence \u00ab Faso M\u00eabo \u00bb<\/strong><\/p>\n<p><strong>Koudougou, 9 mars 2026 (AIB) &#8211; L\u2019Association des Jeunes Entrepreneurs du Centre-Ouest (AJECO) a manifest\u00e9 sa solidarit\u00e9 et son engagement citoyen en offrant le samedi 7 mars, du mat\u00e9riel et des vivres \u00e0 l\u2019Agence Faso-M\u00eabo de Nando \u00e0 Koudougou, a constat\u00e9 l\u2019AIB.<\/strong><\/p>\n<p>Sous la conduite de son pr\u00e9sident, Alexis Zongo, l\u2019Association a remis un important lot de mat\u00e9riels et de vivres pour soutenir les volontaires engag\u00e9s dans les travaux de l&rsquo;initiative pr\u00e9sidentielle \u00ab Faso M\u00eabo \u00bb (Construire le Faso).<\/p>\n<p>R\u00e9pondant \u00e0 l\u2019appel du Chef de l\u2019\u00c9tat, le Capitaine Ibrahim Traor\u00e9, les jeunes entrepreneurs de la r\u00e9gion de Nando ex-Centre-Ouest, n\u2019ont pas fait les choses \u00e0 moiti\u00e9. Ils se sont mobilis\u00e9s pour apporter une contribution concr\u00e8te \u00e0 l&#8217;embellissement et \u00e0 la r\u00e9alisation d&rsquo;infrastructures communautaires \u00e0 Nando.<\/p>\n<p>Le lot de mat\u00e9riels mobilis\u00e9 par l\u2019association est impressionnant et vise \u00e0 rendre les volontaires plus op\u00e9rationnels sur le chantier. Il se compose de10 tonnes de ciment et 40 tonnes de sable pour les travaux de construction ; un \u00e9quipement de protection et de travail comprenant des gilets fluorescents, des casques, des pioches et du bois ; d&rsquo;importants lots de vivres compos\u00e9 d\u2019une vingtaine de sacs de riz, de l\u2019huile, du sucre, du caf\u00e9, du th\u00e9 et des packs d\u2019eau, pour soutenir les travailleurs.<\/p>\n<p>\u00ab C&rsquo;est un acte concret que l&rsquo;association pose aujourd&rsquo;hui. Ce geste vise \u00e0 permettre \u00e0 ceux qui sont sur le terrain d&rsquo;\u00eatre pleinement op\u00e9rationnels \u00bb, a d\u00e9clar\u00e9 Alexis Zongo, pr\u00e9sident de l&rsquo;association.<\/p>\n<p>Au-del\u00e0 de cette action ponctuelle, M. Zongo a rappel\u00e9 que la fibre patriotique est inscrite dans l&rsquo;ADN de sa structure, n\u00e9e il y a plus d&rsquo;une d\u00e9cennie. Reconnue pour son dynamisme, l\u2019association avait d&rsquo;ailleurs \u00e9t\u00e9 distingu\u00e9e d\u2019une m\u00e9daille d\u2019honneur de la productivit\u00e9 en 2015.<\/p>\n<p>La structure multiplie les initiatives telles que l&rsquo;organisation de voyages d&rsquo;affaires \u00e0 travers le Forum des Jeunes Entrepreneurs de l&rsquo;Afrique, ou encore la c\u00e9l\u00e8bre \u00ab Nuit de l&rsquo;Entrepreneur \u00bb qui r\u00e9compense les acteurs \u00e9conomiques majeurs de la r\u00e9gion.<\/p>\n<p>Sur le plan social, l&rsquo;association s&rsquo;est illustr\u00e9e par sa r\u00e9silience, en 2020 o\u00f9 elle a soutenu les personnes d\u00e9munies face \u00e0 la pand\u00e9mie de Covid-19 ; en 2024, elle a mis en \u0153uvre un projet d&rsquo;accompagnement au profit de 500 Personnes d\u00e9plac\u00e9es internes (PDI) de la r\u00e9gion.<\/p>\n<p>En cette p\u00e9riode de car\u00eame chr\u00e9tien et de je\u00fbne musulman, le pr\u00e9sident Alexis Zongo a saisi l&rsquo;occasion pour inviter \u00e0 l&rsquo;union de pri\u00e8res. \u00ab Ce que nous faisons aujourd&rsquo;hui n&rsquo;est pas pour un individu, mais pour notre pays, notre r\u00e9gion et notre commune \u00bb, a-t-il soulign\u00e9, tout en implorant le Tout-Puissant pour le retour d&rsquo;une paix durable et de la qui\u00e9tude au Burkina Faso.<\/p>\n<p>Tout en saluant le leadership des autorit\u00e9s nationales et r\u00e9gionales, il a tenu \u00e0 remercier les membres de l&rsquo;association qui, selon ses mots, \u00ab ne m\u00e9nagent aucun effort quand il s&rsquo;agit d&rsquo;initiatives citoyennes \u00bb.<\/p>\n<p style=\"text-align: right\">\n<strong>Agence d\u2019Information du Burkina<\/strong><br \/>\n<strong>PB\/AS\/ATA<\/strong><\/p>\n","protected":false},"excerpt":{"rendered":"<p>BURKINA-NANDO-FASO-MEBO-AJECO-SOUTIEN Koudougou : L\u2019AJECO offre du mat\u00e9riel et des vivres \u00e0 l\u2019Agence \u00ab Faso M\u00eabo \u00bb Koudougou, 9 mars 2026 (AIB) &#8211; L\u2019Association des Jeunes Entrepreneurs du Centre-Ouest (AJECO) a manifest\u00e9 sa solidarit\u00e9 et son engagement citoyen en offrant le samedi 7 mars, du mat\u00e9riel et des vivres \u00e0 l\u2019Agence Faso-M\u00eabo de Nando \u00e0 Koudougou, [&hellip;]<\/p>\n","protected":false},"author":21,"featured_media":142633,"comment_status":"open","ping_status":"open","sticky":false,"template":"","format":"standard","meta":{"advanced_seo_description":"","jetpack_seo_html_title":"","jetpack_seo_noindex":false,"jetpack_post_was_ever_published":false,"footnotes":""},"categories":[109,47,173,93,203,36],"tags":[],"class_list":{"0":"post-142630","1":"post","2":"type-post","3":"status-publish","4":"format-standard","5":"has-post-thumbnail","7":"category-boulkiemde","8":"category-centre-ouest","9":"category-depeches","10":"category-flashinfos","11":"category-la-une-aib","12":"category-societe"},"jetpack_featured_media_url":"https:\/\/i0.wp.com\/www.aib.media\/wp-content\/uploads\/2026\/03\/63.jpeg?fit=2048%2C1542&ssl=1","jetpack_shortlink":"https:\/\/wp.me\/pavbHe-B6u","_links":{"self":[{"href":"https:\/\/www.aib.media\/index.php?rest_route=\/wp\/v2\/posts\/142630","targetHints":{"allow":["GET"]}}],"collection":[{"href":"https:\/\/www.aib.media\/index.php?rest_route=\/wp\/v2\/posts"}],"about":[{"href":"https:\/\/www.aib.media\/index.php?rest_route=\/wp\/v2\/types\/post"}],"author":[{"embeddable":true,"href":"https:\/\/www.aib.media\/index.php?rest_route=\/wp\/v2\/users\/21"}],"replies":[{"embeddable":true,"href":"https:\/\/www.aib.media\/index.php?rest_route=%2Fwp%2Fv2%2Fcomments&post=142630"}],"version-history":[{"count":1,"href":"https:\/\/www.aib.media\/index.php?rest_route=\/wp\/v2\/posts\/142630\/revisions"}],"predecessor-version":[{"id":142634,"href":"https:\/\/www.aib.media\/index.php?rest_route=\/wp\/v2\/posts\/142630\/revisions\/142634"}],"wp:featuredmedia":[{"embeddable":true,"href":"https:\/\/www.aib.media\/index.php?rest_route=\/wp\/v2\/media\/142633"}],"wp:attachment":[{"href":"https:\/\/www.aib.media\/index.php?rest_route=%2Fwp%2Fv2%2Fmedia&parent=142630"}],"wp:term":[{"taxonomy":"category","embeddable":true,"href":"https:\/\/www.aib.media\/index.php?rest_route=%2Fwp%2Fv2%2Fcategories&post=142630"},{"taxonomy":"post_tag","embeddable":true,"href":"https:\/\/www.aib.media\/index.php?rest_route=%2Fwp%2Fv2%2Ftags&post=142630"}],"curies":[{"name":"wp","href":"https:\/\/api.w.org\/{rel}","templated":true}]}}