{"id":142627,"date":"2026-03-09T12:35:20","date_gmt":"2026-03-09T12:35:20","guid":{"rendered":"https:\/\/www.aib.media\/?p=142627"},"modified":"2026-03-09T12:35:20","modified_gmt":"2026-03-09T12:35:20","slug":"ramongo-day-10-ans-de-resilience-et-de-solidarite-citoyenne","status":"publish","type":"post","link":"https:\/\/www.aib.media\/?p=142627","title":{"rendered":"Ramongo day : 10 ans de r\u00e9silience et de solidarit\u00e9 citoyenne"},"content":{"rendered":"<p>BURKINA-BOULKIEMDE-RAMONGO-DAY-10 ANS-APOTHEOSE<\/p>\n<p><strong>Ramongo day : 10 ans de r\u00e9silience et de solidarit\u00e9 citoyenne<\/strong><\/p>\n<p><strong>Ramongo, 9 mars 2026 (AIB) \u2013 La commune de Ramongo, situ\u00e9e dans la province du Boulkiemd\u00e9, a vibr\u00e9 au rythme de la 10e \u00e9dition du \u00ab Ramongo Day \u00bb dont l\u2019apoth\u00e9ose est intervenue sportivement le samedi 7 mars.<\/strong><\/p>\n<p>Entre ferveur sportive, actions sociales de grande envergure et plaidoyer pour la paix, cet \u00e9v\u00e9nement jubilaire a consacr\u00e9 dix ans de mobilisation citoyenne au profit du d\u00e9veloppement local et de la r\u00e9silience nationale.<\/p>\n<p>Plac\u00e9e sous le th\u00e8me : \u00ab D\u00e9fis s\u00e9curitaires et contribution citoyenne pour un Burkina de paix \u00bb, cette \u00e9dition anniversaire a tenu toutes ses promesses. La c\u00e9r\u00e9monie de cl\u00f4ture, riche en couleurs, a \u00e9t\u00e9 rehauss\u00e9e par la pr\u00e9sence du ministre de la Communication, de la Culture, des Arts et du Tourisme, Porte-parole du gouvernement, Patron de la c\u00e9r\u00e9monie Gilbert Ou\u00e9draogo.<\/p>\n<p>A ses c\u00f4t\u00e9s, un parterre d\u2019invit\u00e9s de marque, dont le capitaine du Mena du Niger, Issoufou Oumarou (parrain sportif), l\u2019artiste humoriste Poullo Talco (parrain culturel) et Makan Mangassouba venu du Mali, t\u00e9moignant de la dimension sous-r\u00e9gionale de l\u2019\u00e9v\u00e9nement.<\/p>\n<p>Pour le promoteur de l\u2019\u00e9v\u00e9nement, Alexandre le Grand Rouamba, ces dix ans marquent la concr\u00e9tisation d\u2019un projet communautaire noble. Au-del\u00e0 du divertissement, le \u00ab Ramongo Day \u00bb s\u2019est impos\u00e9 comme un v\u00e9ritable incubateur de solidarit\u00e9.<\/p>\n<p>\u00ab Le tournoi permet aux \u00e9tablissements de se doter de mat\u00e9riel et d\u2019octroyer \u00e0 chaque \u00e9dition, des bourses scolaires \u00e0 dix \u00e9l\u00e8ves jusqu\u2019\u00e0 la licence \u00bb, a-t-il pr\u00e9cis\u00e9. Une dizaine de b\u00e9n\u00e9ficiaires, \u00e9tudiants \u00e0 l\u2019IAM, ont d\u2019ailleurs fait le d\u00e9placement pour t\u00e9moigner leur gratitude \u00e0 celui qu\u2019ils surnomment d\u00e9sormais \u00ab le semeur de joie \u00bb.<\/p>\n<p>L\u2019impact de l\u2019initiative touche \u00e9galement l\u2019autonomisation des femmes. Gr\u00e2ce au projet, des coop\u00e9ratives de tisseuses de pagnes traditionnels ont vu le jour. Une d\u00e9marche qui, selon le promoteur, s\u2019inscrit en droite ligne de la vision du Pr\u00e9sident du Faso, le Capitaine Ibrahim Traor\u00e9, visant \u00e0 faire du Burkina Faso un pays souverain et \u00e9conomiquement ind\u00e9pendant.<\/p>\n<p>Le ministre Ou\u00e9draogo a soulign\u00e9 que Ramongo Day est \u00ab une grande vision de d\u00e9veloppement \u00bb. Pour lui, l&rsquo;\u00e9v\u00e9nement est une tribune essentielle pour promouvoir le sport scolaire et d\u00e9tecter de nouveaux talents \u00bb.<\/p>\n<p>Dans un contexte marqu\u00e9 par les d\u00e9fis s\u00e9curitaires, il a fait savoir \u00e0 la jeunesse que \u00ab chacun doit jouer un r\u00f4le crucial pour le retour de la paix. La jeunesse de Ramongo a accompli une mission remarquable en faisant du sport un moteur de coh\u00e9sion sociale et de patriotisme. \u00bb<\/p>\n<p>Le volet social de ce jubil\u00e9 a \u00e9t\u00e9 particuli\u00e8rement dense. Les populations ont b\u00e9n\u00e9fici\u00e9 de s\u00e9ances de d\u00e9pistage gratuit (hypertension, h\u00e9patite, cancer du col de l&rsquo;ut\u00e9rus) ; l&rsquo;\u00e9tablissement gratuit de Cartes nationales d\u2019identit\u00e9 burkinab\u00e8 (CNIB) ; dons de vivres aux Personnes d\u00e9plac\u00e9es internes (PDI) et aux plus vuln\u00e9rables ; conf\u00e9rences th\u00e9matiques \u00e0 Ramongo et Koudougou.<\/p>\n<p>Le clou de la journ\u00e9e a \u00e9t\u00e9 la finale en football opposant le CEG de Kamsi au CEG de Bouloum-Nabyiri. Dans une ambiance \u00e9lectrique, marqu\u00e9e par une d\u00e9monstration spectaculaire de l\u2019association \u00ab Faso Motard \u00bb \u00e0 la pause, c\u2019est finalement l\u2019\u00e9quipe de Kamsi qui l\u2019a emport\u00e9 sur le score \u00e9triqu\u00e9 de 1 but \u00e0 0.<\/p>\n<p>La c\u00e9r\u00e9monie s\u2019est achev\u00e9e par une remise de prix compos\u00e9e d\u2019enveloppes financi\u00e8res, de jeux de maillots, de ballons et d\u2019attestations de reconnaissance. En refermant les portes de cette 10e \u00e9dition, Alexandre le Grand Rouamba a r\u00e9it\u00e9r\u00e9 son v\u0153u de voir l\u2019esprit sportif continuer d\u2019inspirer l\u2019engagement citoyen, indispensable \u00e0 la construction d\u2019un Burkina Faso uni et prosp\u00e8re.<\/p>\n<p style=\"text-align: right\">\n<strong>Agence d&rsquo;Information du Burkina <\/strong><br \/>\n<strong>LO\/PB\/AS\/ATA<\/strong><\/p>\n","protected":false},"excerpt":{"rendered":"<p>BURKINA-BOULKIEMDE-RAMONGO-DAY-10 ANS-APOTHEOSE Ramongo day : 10 ans de r\u00e9silience et de solidarit\u00e9 citoyenne Ramongo, 9 mars 2026 (AIB) \u2013 La commune de Ramongo, situ\u00e9e dans la province du Boulkiemd\u00e9, a vibr\u00e9 au rythme de la 10e \u00e9dition du \u00ab Ramongo Day \u00bb dont l\u2019apoth\u00e9ose est intervenue sportivement le samedi 7 mars. Entre ferveur sportive, actions [&hellip;]<\/p>\n","protected":false},"author":21,"featured_media":142628,"comment_status":"open","ping_status":"open","sticky":false,"template":"","format":"standard","meta":{"advanced_seo_description":"","jetpack_seo_html_title":"","jetpack_seo_noindex":false,"jetpack_post_was_ever_published":false,"footnotes":""},"categories":[109,47,60,173,93,203,36],"tags":[],"class_list":{"0":"post-142627","1":"post","2":"type-post","3":"status-publish","4":"format-standard","5":"has-post-thumbnail","7":"category-boulkiemde","8":"category-centre-ouest","9":"category-culture","10":"category-depeches","11":"category-flashinfos","12":"category-la-une-aib","13":"category-societe"},"jetpack_featured_media_url":"https:\/\/i0.wp.com\/www.aib.media\/wp-content\/uploads\/2026\/03\/58.jpeg?fit=1080%2C720&ssl=1","jetpack_shortlink":"https:\/\/wp.me\/pavbHe-B6r","_links":{"self":[{"href":"https:\/\/www.aib.media\/index.php?rest_route=\/wp\/v2\/posts\/142627","targetHints":{"allow":["GET"]}}],"collection":[{"href":"https:\/\/www.aib.media\/index.php?rest_route=\/wp\/v2\/posts"}],"about":[{"href":"https:\/\/www.aib.media\/index.php?rest_route=\/wp\/v2\/types\/post"}],"author":[{"embeddable":true,"href":"https:\/\/www.aib.media\/index.php?rest_route=\/wp\/v2\/users\/21"}],"replies":[{"embeddable":true,"href":"https:\/\/www.aib.media\/index.php?rest_route=%2Fwp%2Fv2%2Fcomments&post=142627"}],"version-history":[{"count":1,"href":"https:\/\/www.aib.media\/index.php?rest_route=\/wp\/v2\/posts\/142627\/revisions"}],"predecessor-version":[{"id":142629,"href":"https:\/\/www.aib.media\/index.php?rest_route=\/wp\/v2\/posts\/142627\/revisions\/142629"}],"wp:featuredmedia":[{"embeddable":true,"href":"https:\/\/www.aib.media\/index.php?rest_route=\/wp\/v2\/media\/142628"}],"wp:attachment":[{"href":"https:\/\/www.aib.media\/index.php?rest_route=%2Fwp%2Fv2%2Fmedia&parent=142627"}],"wp:term":[{"taxonomy":"category","embeddable":true,"href":"https:\/\/www.aib.media\/index.php?rest_route=%2Fwp%2Fv2%2Fcategories&post=142627"},{"taxonomy":"post_tag","embeddable":true,"href":"https:\/\/www.aib.media\/index.php?rest_route=%2Fwp%2Fv2%2Ftags&post=142627"}],"curies":[{"name":"wp","href":"https:\/\/api.w.org\/{rel}","templated":true}]}}