{"id":142624,"date":"2026-03-09T12:29:15","date_gmt":"2026-03-09T12:29:15","guid":{"rendered":"https:\/\/www.aib.media\/?p=142624"},"modified":"2026-03-09T12:29:15","modified_gmt":"2026-03-09T12:29:15","slug":"sandbondtenga-careme-et-jeune-une-communion-interreligieuse-pour-renforcer-le-vivre-ensemble-a-barsalogho","status":"publish","type":"post","link":"https:\/\/www.aib.media\/?p=142624","title":{"rendered":"Sandbondtenga\/Car\u00eame et je\u00fbne: Une communion interreligieuse pour renforcer le vivre ensemble \u00e0 Barsalogho"},"content":{"rendered":"<p><strong>Sandbondtenga\/Car\u00eame et je\u00fbne: Une communion interreligieuse pour renforcer le vivre ensemble \u00e0 Barsalogho<\/strong><\/p>\n<p><strong>Barsalogho, 6 mars 2026 (AIB) \u2013 Les diff\u00e9rentes confessions religieuses de Barsalogho ont communi\u00e9, le vendredi 6 mars 2026, avec les personnes d\u00e9plac\u00e9es internes (PDI) du site du secteur 2, \u00e0 l\u2019occasion d\u2019une c\u00e9r\u00e9monie collective de rupture du je\u00fbne et du car\u00eame.<\/strong><\/p>\n<p>La c\u00e9r\u00e9monie, organis\u00e9e par l\u2019Association F\u00e9minine Nabonswend\u00e9 du Burkina (AFNB), a r\u00e9uni des repr\u00e9sentants des diff\u00e9rentes communaut\u00e9s religieuses, des personnes d\u00e9plac\u00e9es internes, des populations h\u00f4tes et retourn\u00e9es, ainsi que des autorit\u00e9s administratives et s\u00e9curitaires de la commune.<\/p>\n<p>Des allocutions suivies d\u2019un partage d\u2019agapes fraternelles ont marqu\u00e9 cette c\u00e9r\u00e9monie qui visait, selon la pr\u00e9sidente de l\u2019AFNB, Pascaline Sawadogo \/Ou\u00e9draogo Somb\u00e9, \u00e0 renforcer la fraternit\u00e9, la coh\u00e9sion sociale, la tol\u00e9rance religieuse et le vivre-ensemble.<\/p>\n<p>\u00ab Cette forte mobilisation des diff\u00e9rentes communaut\u00e9s religieuses nous r\u00e9jouit et nous conforte dans l\u2019id\u00e9e que la paix v\u00e9ritable est possible \u00bb, a-t-elle d\u00e9clar\u00e9.<\/p>\n<p>Le pr\u00e9sident de la d\u00e9l\u00e9gation sp\u00e9ciale communale de Barsalogho l\u2019adjudant-chef, Mathias Sansan Pal\u00e9, a salu\u00e9 l\u2019initiative et a indiqu\u00e9 qu\u2019elle s\u2019inscrit dans la dynamique de l\u2019appel du pr\u00e9sident du Faso, le capitaine Ibrahim Traor\u00e9, \u00e0 la solidarit\u00e9 et \u00e0 la fraternit\u00e9 entre les filles et les fils du Burkina Faso.<\/p>\n<p>Pour l\u2019imam Abdoul Salam Ma\u00efga, porte-parole des communaut\u00e9s religieuses, promouvoir la coh\u00e9sion sociale et la paix constitue un objectif noble, en phase avec les valeurs religieuses de fraternit\u00e9, d\u2019amour et de solidarit\u00e9 envers son prochain.<\/p>\n<p>La c\u00e9r\u00e9monie s\u2019est achev\u00e9e dans une ambiance fraternelle et conviviale.<\/p>\n<p style=\"text-align: right\"><strong>Agence d&rsquo;Information du Burkina <\/strong><br \/>\n<strong>SS\/aio\/bak<\/strong><\/p>\n","protected":false},"excerpt":{"rendered":"<p>Sandbondtenga\/Car\u00eame et je\u00fbne: Une communion interreligieuse pour renforcer le vivre ensemble \u00e0 Barsalogho Barsalogho, 6 mars 2026 (AIB) \u2013 Les diff\u00e9rentes confessions religieuses de Barsalogho ont communi\u00e9, le vendredi 6 mars 2026, avec les personnes d\u00e9plac\u00e9es internes (PDI) du site du secteur 2, \u00e0 l\u2019occasion d\u2019une c\u00e9r\u00e9monie collective de rupture du je\u00fbne et du car\u00eame. [&hellip;]<\/p>\n","protected":false},"author":21,"featured_media":142625,"comment_status":"open","ping_status":"open","sticky":false,"template":"","format":"standard","meta":{"advanced_seo_description":"","jetpack_seo_html_title":"","jetpack_seo_noindex":false,"jetpack_post_was_ever_published":false,"footnotes":""},"categories":[46,173,93,203,108,36],"tags":[],"class_list":{"0":"post-142624","1":"post","2":"type-post","3":"status-publish","4":"format-standard","5":"has-post-thumbnail","7":"category-centre-nord","8":"category-depeches","9":"category-flashinfos","10":"category-la-une-aib","11":"category-sanmatenga","12":"category-societe"},"jetpack_featured_media_url":"https:\/\/i0.wp.com\/www.aib.media\/wp-content\/uploads\/2026\/03\/51.jpeg?fit=960%2C432&ssl=1","jetpack_shortlink":"https:\/\/wp.me\/pavbHe-B6o","_links":{"self":[{"href":"https:\/\/www.aib.media\/index.php?rest_route=\/wp\/v2\/posts\/142624","targetHints":{"allow":["GET"]}}],"collection":[{"href":"https:\/\/www.aib.media\/index.php?rest_route=\/wp\/v2\/posts"}],"about":[{"href":"https:\/\/www.aib.media\/index.php?rest_route=\/wp\/v2\/types\/post"}],"author":[{"embeddable":true,"href":"https:\/\/www.aib.media\/index.php?rest_route=\/wp\/v2\/users\/21"}],"replies":[{"embeddable":true,"href":"https:\/\/www.aib.media\/index.php?rest_route=%2Fwp%2Fv2%2Fcomments&post=142624"}],"version-history":[{"count":1,"href":"https:\/\/www.aib.media\/index.php?rest_route=\/wp\/v2\/posts\/142624\/revisions"}],"predecessor-version":[{"id":142626,"href":"https:\/\/www.aib.media\/index.php?rest_route=\/wp\/v2\/posts\/142624\/revisions\/142626"}],"wp:featuredmedia":[{"embeddable":true,"href":"https:\/\/www.aib.media\/index.php?rest_route=\/wp\/v2\/media\/142625"}],"wp:attachment":[{"href":"https:\/\/www.aib.media\/index.php?rest_route=%2Fwp%2Fv2%2Fmedia&parent=142624"}],"wp:term":[{"taxonomy":"category","embeddable":true,"href":"https:\/\/www.aib.media\/index.php?rest_route=%2Fwp%2Fv2%2Fcategories&post=142624"},{"taxonomy":"post_tag","embeddable":true,"href":"https:\/\/www.aib.media\/index.php?rest_route=%2Fwp%2Fv2%2Ftags&post=142624"}],"curies":[{"name":"wp","href":"https:\/\/api.w.org\/{rel}","templated":true}]}}