{"id":142621,"date":"2026-03-09T12:23:12","date_gmt":"2026-03-09T12:23:12","guid":{"rendered":"https:\/\/www.aib.media\/?p=142621"},"modified":"2026-03-09T12:23:12","modified_gmt":"2026-03-09T12:23:12","slug":"sandbondtenga-la-gendarmerie-prend-officiellement-le-relais-de-la-police-a-mane-apres-42-ans-de-presence","status":"publish","type":"post","link":"https:\/\/www.aib.media\/?p=142621","title":{"rendered":"Sandbondtenga: La Gendarmerie prend officiellement le relais de la Police \u00e0 Man\u00e9 apr\u00e8s 42 ans de pr\u00e9sence"},"content":{"rendered":"<p><strong>Sandbondtenga: La Gendarmerie prend officiellement le relais de la Police \u00e0 Man\u00e9 apr\u00e8s 42 ans de pr\u00e9sence<\/strong><\/p>\n<p><strong>Man\u00e9, 6 mars 2026 (AIB) \u2013 La brigade territoriale de gendarmerie de Man\u00e9 a officiellement pris le relais du commissariat de police de Man\u00e9, vendredi, lors d\u2019une c\u00e9r\u00e9monie de passation de service plac\u00e9e sous l\u2019autorit\u00e9 du pr\u00e9sident de la d\u00e9l\u00e9gation sp\u00e9ciale de Man\u00e9.<\/strong><\/p>\n<p>Apr\u00e8s 42 ans au service de la population, le commissariat de police de Man\u00e9 quitte d\u00e9finitivement cette localit\u00e9 pour faire place \u00e0 la brigade territoriale de gendarmerie.<\/p>\n<p>Le commandant de la brigade territoriale de gendarmerie de Man\u00e9, l\u2019adjudant-chef Romuald Traor\u00e9, a rassur\u00e9 les populations quant \u00e0 la continuit\u00e9 des efforts de s\u00e9curisation.<\/p>\n<p>\u00ab Nous travaillerons en \u00e9troite collaboration avec les populations afin de maintenir et renforcer la s\u00e9curit\u00e9 dans la zone \u00bb, a-t-il affirm\u00e9.<\/p>\n<p>Dans son allocution, le commissaire de police sortant a dress\u00e9 un bilan de l\u2019unit\u00e9 de police \u00e0 Man\u00e9.<\/p>\n<p>\u00ab C\u2019est avec le sentiment du devoir accompli que nous passons aujourd\u2019hui le flambeau \u00e0 la gendarmerie \u00bb, a-t-il d\u00e9clar\u00e9, saluant l\u2019engagement de ses hommes et la collaboration satisfaisante de la population.<\/p>\n<p>Le pr\u00e9sident de la d\u00e9l\u00e9gation sp\u00e9ciale de la commune de Man\u00e9, Wendincont\u00e9 Alain Kiemtor\u00e9, proc\u00e9dant \u00e0 l\u2019installation officielle de la brigade territoriale de gendarmerie, a rappel\u00e9 la mission qui lui est assign\u00e9e.<\/p>\n<p>\u00ab L\u2019objectif demeure le m\u00eame : la protection du territoire et des citoyens \u00bb, a-t-il indiqu\u00e9, avant de rendre hommage au commissaire sortant et \u00e0 ses hommes pour les \u00ab loyaux services rendus \u00e0 la Nation \u00bb.<\/p>\n<p style=\"text-align: right\"><strong>Agence d\u2019Information du Burkina<\/strong><br \/>\n<strong>WO\/aio\/bak<\/strong><\/p>\n","protected":false},"excerpt":{"rendered":"<p>Sandbondtenga: La Gendarmerie prend officiellement le relais de la Police \u00e0 Man\u00e9 apr\u00e8s 42 ans de pr\u00e9sence Man\u00e9, 6 mars 2026 (AIB) \u2013 La brigade territoriale de gendarmerie de Man\u00e9 a officiellement pris le relais du commissariat de police de Man\u00e9, vendredi, lors d\u2019une c\u00e9r\u00e9monie de passation de service plac\u00e9e sous l\u2019autorit\u00e9 du pr\u00e9sident de [&hellip;]<\/p>\n","protected":false},"author":21,"featured_media":142622,"comment_status":"open","ping_status":"open","sticky":false,"template":"","format":"standard","meta":{"advanced_seo_description":"","jetpack_seo_html_title":"","jetpack_seo_noindex":false,"jetpack_post_was_ever_published":false,"footnotes":""},"categories":[46,173,93,203,108,786],"tags":[],"class_list":{"0":"post-142621","1":"post","2":"type-post","3":"status-publish","4":"format-standard","5":"has-post-thumbnail","7":"category-centre-nord","8":"category-depeches","9":"category-flashinfos","10":"category-la-une-aib","11":"category-sanmatenga","12":"category-securite"},"jetpack_featured_media_url":"https:\/\/i0.wp.com\/www.aib.media\/wp-content\/uploads\/2026\/03\/49.jpeg?fit=1080%2C486&ssl=1","jetpack_shortlink":"https:\/\/wp.me\/pavbHe-B6l","_links":{"self":[{"href":"https:\/\/www.aib.media\/index.php?rest_route=\/wp\/v2\/posts\/142621","targetHints":{"allow":["GET"]}}],"collection":[{"href":"https:\/\/www.aib.media\/index.php?rest_route=\/wp\/v2\/posts"}],"about":[{"href":"https:\/\/www.aib.media\/index.php?rest_route=\/wp\/v2\/types\/post"}],"author":[{"embeddable":true,"href":"https:\/\/www.aib.media\/index.php?rest_route=\/wp\/v2\/users\/21"}],"replies":[{"embeddable":true,"href":"https:\/\/www.aib.media\/index.php?rest_route=%2Fwp%2Fv2%2Fcomments&post=142621"}],"version-history":[{"count":1,"href":"https:\/\/www.aib.media\/index.php?rest_route=\/wp\/v2\/posts\/142621\/revisions"}],"predecessor-version":[{"id":142623,"href":"https:\/\/www.aib.media\/index.php?rest_route=\/wp\/v2\/posts\/142621\/revisions\/142623"}],"wp:featuredmedia":[{"embeddable":true,"href":"https:\/\/www.aib.media\/index.php?rest_route=\/wp\/v2\/media\/142622"}],"wp:attachment":[{"href":"https:\/\/www.aib.media\/index.php?rest_route=%2Fwp%2Fv2%2Fmedia&parent=142621"}],"wp:term":[{"taxonomy":"category","embeddable":true,"href":"https:\/\/www.aib.media\/index.php?rest_route=%2Fwp%2Fv2%2Fcategories&post=142621"},{"taxonomy":"post_tag","embeddable":true,"href":"https:\/\/www.aib.media\/index.php?rest_route=%2Fwp%2Fv2%2Ftags&post=142621"}],"curies":[{"name":"wp","href":"https:\/\/api.w.org\/{rel}","templated":true}]}}