{"id":142561,"date":"2026-03-08T22:49:55","date_gmt":"2026-03-08T22:49:55","guid":{"rendered":"https:\/\/www.aib.media\/?p=142561"},"modified":"2026-03-08T22:49:55","modified_gmt":"2026-03-08T22:49:55","slug":"sanaba-la-population-fait-un-don-de-650-000-fcfa-et-des-vivres-aux-fds-et-vdp","status":"publish","type":"post","link":"https:\/\/www.aib.media\/?p=142561","title":{"rendered":"Sanaba: La population fait un don de 650 000 FCFA et des vivres aux FDS et VDP"},"content":{"rendered":"<p>Banwa\/ Sanaba-Hommage-Dons-FDS-VDP<\/p>\n<p><strong>Sanaba: La population fait un don de 650 000 FCFA et des vivres aux FDS et VDP<\/strong><\/p>\n<p><strong>Sanaba, 7 mars 2026 (AIB) &#8211; La population de Sanaba a organis\u00e9, le vendredi 6 mars 2026, une journ\u00e9e d&rsquo;hommage et de reconnaissance aux Forces de d\u00e9fense et de s\u00e9curit\u00e9 (FDS) et Volontaires de d\u00e9fense de la patrie (VDP) pour saluer leurs efforts ayant permis le retour des populations dans la localit\u00e9 en leur offrant une somme de 650 000 FCFA en esp\u00e8ces et aussi de vivres.<\/strong><\/p>\n<p>La c\u00e9r\u00e9monie a d\u00e9but\u00e9 par une marche -meeting de soutien au Pr\u00e9sident du Faso, le Capitaine Ibrahim Traor\u00e9, suivi de plusieurs interventions. Le chef de Canton de Sanaba, Y\u00e9zouma Coulibaly, a souhait\u00e9 la bienvenue aux participants avant les prises de parole de plusieurs responsables locaux, notamment le pr\u00e9sident de la veille citoyenne, Honor\u00e9 Dakuyo, la repr\u00e9sentante de la coordonnatrice des femmes de Sanaba, Aminadab Sidib\u00e9, ainsi que le r\u00e9pondant des FDS et VDP, le Chef de d\u00e9tachement militaire de Sanaba.<br \/>\nLe parrain de la C\u00e9r\u00e9monie, le Docteur Elis\u00e9e Coulibaly, vice- pr\u00e9sident de l&rsquo;Institut des peuples noirs \u00e0 la pr\u00e9sidence du Faso, et le repr\u00e9sentant du patron de la c\u00e9r\u00e9monie le lieutenant &#8211; colonel Sosth\u00e8ne Idrissa Coulibaly, Commandant de la 5e r\u00e9gion militaire de D\u00e9dougou, ont salu\u00e9 l&rsquo;engagement des forces combattantes et encourag\u00e9 les populations \u00e0 renforcer leur collaboration avec les FDS et VDP pour la consolidation de la paix.<\/p>\n<p>La c\u00e9r\u00e9monie a \u00e9galement \u00e9t\u00e9 ponctu\u00e9e par des prestations d&rsquo;artistes de la localit\u00e9 et s&rsquo;est achev\u00e9e par le discours de cl\u00f4ture du Pr\u00e9sident de la d\u00e9l\u00e9gation sp\u00e9ciale de Sanaba, Moussa Traor\u00e9.<br \/>\nA cette occasion, plusieurs dons ont \u00e9t\u00e9 remis en soutien aux forces combattantes et aux familles des victimes.<br \/>\nIl s&rsquo;agit notamment d&rsquo;un bon de carburant d&rsquo;une valeur de 450000 FCFA pour les patrouilles des FDS et VDP, d&rsquo;une enveloppe de 200000 FCFA destin\u00e9e \u00e0 l&rsquo;entretien des motos et engins, ainsi que des vivres offerts aux veuves des FDS et VDP tomb\u00e9s sur le champ d&rsquo;honneur.<br \/>\nUn match de gala a oppos\u00e9 les civils aux FDS et VDP. La nuit, l&rsquo;artiste Bakary Dembel\u00e9 a offert un concert \u00e0 la population de Sanaba dont les recettes nettes seront revers\u00e9es au FDS et VDP.<\/p>\n<p style=\"text-align: right\"><strong>Agence d&rsquo;information du Burkina<\/strong><\/p>\n<p style=\"text-align: right\"><strong>LRS\/SO-DNk<\/strong><\/p>\n","protected":false},"excerpt":{"rendered":"<p>Banwa\/ Sanaba-Hommage-Dons-FDS-VDP Sanaba: La population fait un don de 650 000 FCFA et des vivres aux FDS et VDP Sanaba, 7 mars 2026 (AIB) &#8211; La population de Sanaba a organis\u00e9, le vendredi 6 mars 2026, une journ\u00e9e d&rsquo;hommage et de reconnaissance aux Forces de d\u00e9fense et de s\u00e9curit\u00e9 (FDS) et Volontaires de d\u00e9fense de [&hellip;]<\/p>\n","protected":false},"author":15,"featured_media":142562,"comment_status":"open","ping_status":"open","sticky":false,"template":"","format":"standard","meta":{"advanced_seo_description":"","jetpack_seo_html_title":"","jetpack_seo_noindex":false,"jetpack_post_was_ever_published":false,"footnotes":""},"categories":[173,93,203,95],"tags":[],"class_list":{"0":"post-142561","1":"post","2":"type-post","3":"status-publish","4":"format-standard","5":"has-post-thumbnail","7":"category-depeches","8":"category-flashinfos","9":"category-la-une-aib","10":"category-les-banwa"},"jetpack_featured_media_url":"https:\/\/i0.wp.com\/www.aib.media\/wp-content\/uploads\/2026\/03\/IMG-20260308-WA00551.jpg?fit=1152%2C864&ssl=1","jetpack_shortlink":"https:\/\/wp.me\/pavbHe-B5n","_links":{"self":[{"href":"https:\/\/www.aib.media\/index.php?rest_route=\/wp\/v2\/posts\/142561","targetHints":{"allow":["GET"]}}],"collection":[{"href":"https:\/\/www.aib.media\/index.php?rest_route=\/wp\/v2\/posts"}],"about":[{"href":"https:\/\/www.aib.media\/index.php?rest_route=\/wp\/v2\/types\/post"}],"author":[{"embeddable":true,"href":"https:\/\/www.aib.media\/index.php?rest_route=\/wp\/v2\/users\/15"}],"replies":[{"embeddable":true,"href":"https:\/\/www.aib.media\/index.php?rest_route=%2Fwp%2Fv2%2Fcomments&post=142561"}],"version-history":[{"count":1,"href":"https:\/\/www.aib.media\/index.php?rest_route=\/wp\/v2\/posts\/142561\/revisions"}],"predecessor-version":[{"id":142563,"href":"https:\/\/www.aib.media\/index.php?rest_route=\/wp\/v2\/posts\/142561\/revisions\/142563"}],"wp:featuredmedia":[{"embeddable":true,"href":"https:\/\/www.aib.media\/index.php?rest_route=\/wp\/v2\/media\/142562"}],"wp:attachment":[{"href":"https:\/\/www.aib.media\/index.php?rest_route=%2Fwp%2Fv2%2Fmedia&parent=142561"}],"wp:term":[{"taxonomy":"category","embeddable":true,"href":"https:\/\/www.aib.media\/index.php?rest_route=%2Fwp%2Fv2%2Fcategories&post=142561"},{"taxonomy":"post_tag","embeddable":true,"href":"https:\/\/www.aib.media\/index.php?rest_route=%2Fwp%2Fv2%2Ftags&post=142561"}],"curies":[{"name":"wp","href":"https:\/\/api.w.org\/{rel}","templated":true}]}}