{"id":142554,"date":"2026-03-08T22:28:13","date_gmt":"2026-03-08T22:28:13","guid":{"rendered":"https:\/\/www.aib.media\/?p=142554"},"modified":"2026-03-08T22:28:13","modified_gmt":"2026-03-08T22:28:13","slug":"boulgou-les-femmes-de-la-province-sengagent-pour-la-paix-lors-du-8-mars-a-zabre","status":"publish","type":"post","link":"https:\/\/www.aib.media\/?p=142554","title":{"rendered":"Boulgou : les femmes de la province s\u2019engagent pour la paix lors du 8-Mars \u00e0 Zabr\u00e9"},"content":{"rendered":"<p><strong>Boulgou : les femmes de la province s\u2019engagent pour la paix lors du 8-Mars \u00e0 Zabr\u00e9<\/strong><\/p>\n<p><strong>Tenkodogo, 8 mars 2026 (AIB) \u2013 La commune de Zabr\u00e9 a accueilli dimanche la c\u00e9l\u00e9bration provinciale de la 169e Journ\u00e9e internationale des droits de la femme dans la province du Boulgou. Pr\u00e9sid\u00e9e par le gouverneur de la r\u00e9gion du Nakamb\u00e9, Yiy\u00e9 Abraham Somdo, la c\u00e9r\u00e9monie a mis en lumi\u00e8re plusieurs activit\u00e9s men\u00e9es pendant deux semaines par les femmes, notamment des formations, des actions de solidarit\u00e9 et des initiatives d\u2019autonomisation \u00e9conomique.<\/strong><\/p>\n<p>La coordination des femmes de la province du Boulgou a marqu\u00e9 la Journ\u00e9e internationale des droits de la femme par une s\u00e9rie d\u2019activit\u00e9s organis\u00e9es dans plusieurs localit\u00e9s, notamment \u00e0 Tenkodogo et \u00e0 Zabr\u00e9.<\/p>\n<p>La c\u00e9r\u00e9monie officielle s\u2019est tenue \u00e0 Zabr\u00e9 en pr\u00e9sence de plusieurs personnalit\u00e9s, dont l\u2019invit\u00e9e d\u2019honneur Nestorine Sangar\u00e9. Elle \u00e9tait plac\u00e9e sous le patronage du commandant Oumarou Yabr\u00e9, pr\u00e9sident du Conseil national de s\u00e9curit\u00e9 d\u2019\u00c9tat, qui n\u2019a pas pu effectuer le d\u00e9placement.<\/p>\n<p>La c\u00e9r\u00e9monie a \u00e9galement b\u00e9n\u00e9fici\u00e9 du parrainage du ministre de l\u2019\u00c9nergie et des Mines, Yacouba Gouba, repr\u00e9sent\u00e9 pour l\u2019occasion par son charg\u00e9 d\u2019\u00e9tudes.<\/p>\n<p>Plusieurs partenaires ont accompagn\u00e9 l\u2019organisation des activit\u00e9s, notamment Soleil Ressources de la mine de Youga, l\u2019Association des jeunes volontaires pour la lutte contre le sida (AJVLS) et le charg\u00e9 de mission de la Pr\u00e9sidence du Faso pour la r\u00e9gion du Nakamb\u00e9.<\/p>\n<p>Selon les organisatrices, ces activit\u00e9s visaient \u00e0 renforcer la contribution des femmes \u00e0 la paix et au d\u00e9veloppement local, conform\u00e9ment au th\u00e8me de cette ann\u00e9e : \u00ab B\u00e2tir une paix durable au Burkina Faso : quelle contribution des femmes et des filles \u00e0 la promotion du vivre-ensemble ? \u00bb<\/p>\n<p>Au nombre des activit\u00e9s men\u00e9es figurent la formation de 60 femmes et filles en marketing digital \u00e0 Tenkodogo, l\u2019accompagnement de femmes d\u00e9plac\u00e9es internes dans des activit\u00e9s mara\u00eech\u00e8res \u00e0 Daz\u00e8 et le d\u00e9pistage des l\u00e9sions pr\u00e9canc\u00e9reuses du col de l\u2019ut\u00e9rus au profit de 200 femmes \u00e0 Zabr\u00e9 et \u00e0 Tenkodogo.<\/p>\n<p>Les femmes ont \u00e9galement men\u00e9 des journ\u00e9es de salubrit\u00e9 dans les services publics, mobilis\u00e9 plus de cinq tonnes de ciment pour soutenir l\u2019initiative Faso M\u00eabo et organis\u00e9 des \u00e9missions radiophoniques sur le th\u00e8me du 8 mars.<br \/>\nPar ailleurs, des vivres ont \u00e9t\u00e9 distribu\u00e9s \u00e0 100 femmes vuln\u00e9rables et d\u00e9plac\u00e9es internes de Zabr\u00e9 avec l\u2019appui de la mine d\u2019or de Youga.<\/p>\n<p>Dans son intervention, le gouverneur de la r\u00e9gion du Nakamb\u00e9, Yiy\u00e9 Abraham Somdo, a salu\u00e9 l\u2019engagement des femmes du Boulgou dans la promotion de la coh\u00e9sion sociale et du d\u00e9veloppement.<\/p>\n<p>Selon lui, la c\u00e9r\u00e9monie de Zabr\u00e9 marque la fin d\u2019une s\u00e9rie d\u2019activit\u00e9s men\u00e9es pendant pr\u00e8s de deux semaines aux c\u00f4t\u00e9s des femmes de la province.<br \/>\n\u00ab Nous avons pass\u00e9 pratiquement deux semaines \u00e0 r\u00e9fl\u00e9chir et \u00e0 accompagner les femmes dans leurs initiatives. Nous avons \u00e9galement visit\u00e9 des jardins entretenus par des femmes, ce qui t\u00e9moigne de leur contribution \u00e0 la r\u00e9silience communautaire \u00bb, a indiqu\u00e9 le gouverneur.<\/p>\n<p>Pour lui, ces actions s\u2019inscrivent dans l\u2019esprit du th\u00e8me national qui met en relief le r\u00f4le des femmes dans la consolidation de la paix et de la coh\u00e9sion sociale.<\/p>\n<p>Le gouverneur a \u00e9galement invit\u00e9 les hommes et les femmes \u00e0 unir leurs efforts pour le d\u00e9veloppement du pays.<br \/>\n\u00ab Nous devons faire corps, hommes et femmes, pour construire notre pays \u00bb, a-t-il soulign\u00e9.<\/p>\n<p>De son c\u00f4t\u00e9, la secr\u00e9taire g\u00e9n\u00e9rale de la coordination communale des femmes de Zabr\u00e9, Maria Zinsonni, a exprim\u00e9 la satisfaction des femmes pour l\u2019accompagnement des autorit\u00e9s et des partenaires.<\/p>\n<p>Elle a indiqu\u00e9 que plusieurs projets ont \u00e9t\u00e9 mis en \u0153uvre pour soutenir les activit\u00e9s \u00e9conomiques des femmes, notamment des initiatives g\u00e9n\u00e9ratrices de revenus.<\/p>\n<p>Situ\u00e9e dans la province du Boulgou, dans la r\u00e9gion du Nakamb\u00e9, la commune de Zabr\u00e9, peupl\u00e9e majoritairement par les Bissa et proche de la fronti\u00e8re ghan\u00e9enne, a servi de cadre \u00e0 cette c\u00e9l\u00e9bration provinciale.<\/p>\n<p>La c\u00e9r\u00e9monie a permis de mettre en \u00e9vidence les actions des femmes en faveur de la coh\u00e9sion sociale, de la solidarit\u00e9 et de l\u2019autonomisation \u00e9conomique, dans un contexte marqu\u00e9 par des d\u00e9fis s\u00e9curitaires.<\/p>\n<p>Les autorit\u00e9s ont encourag\u00e9 la poursuite de ces initiatives afin de renforcer la contribution des femmes \u00e0 la construction de la paix et au d\u00e9veloppement du Burkina Faso.<\/p>\n<p style=\"text-align: right\"><strong>Agence d\u2019Information du Burkina<\/strong><br \/>\n<strong>SM\/AG\/ata<\/strong><\/p>\n","protected":false},"excerpt":{"rendered":"<p>Boulgou : les femmes de la province s\u2019engagent pour la paix lors du 8-Mars \u00e0 Zabr\u00e9 Tenkodogo, 8 mars 2026 (AIB) \u2013 La commune de Zabr\u00e9 a accueilli dimanche la c\u00e9l\u00e9bration provinciale de la 169e Journ\u00e9e internationale des droits de la femme dans la province du Boulgou. Pr\u00e9sid\u00e9e par le gouverneur de la r\u00e9gion du [&hellip;]<\/p>\n","protected":false},"author":15,"featured_media":142556,"comment_status":"open","ping_status":"open","sticky":false,"template":"","format":"standard","meta":{"advanced_seo_description":"","jetpack_seo_html_title":"","jetpack_seo_noindex":false,"jetpack_post_was_ever_published":false,"footnotes":""},"categories":[103,173,93,203],"tags":[],"class_list":{"0":"post-142554","1":"post","2":"type-post","3":"status-publish","4":"format-standard","5":"has-post-thumbnail","7":"category-boulgou","8":"category-depeches","9":"category-flashinfos","10":"category-la-une-aib"},"jetpack_featured_media_url":"https:\/\/i0.wp.com\/www.aib.media\/wp-content\/uploads\/2026\/03\/IMG-20260308-WA01131.jpg?fit=1080%2C1006&ssl=1","jetpack_shortlink":"https:\/\/wp.me\/pavbHe-B5g","_links":{"self":[{"href":"https:\/\/www.aib.media\/index.php?rest_route=\/wp\/v2\/posts\/142554","targetHints":{"allow":["GET"]}}],"collection":[{"href":"https:\/\/www.aib.media\/index.php?rest_route=\/wp\/v2\/posts"}],"about":[{"href":"https:\/\/www.aib.media\/index.php?rest_route=\/wp\/v2\/types\/post"}],"author":[{"embeddable":true,"href":"https:\/\/www.aib.media\/index.php?rest_route=\/wp\/v2\/users\/15"}],"replies":[{"embeddable":true,"href":"https:\/\/www.aib.media\/index.php?rest_route=%2Fwp%2Fv2%2Fcomments&post=142554"}],"version-history":[{"count":1,"href":"https:\/\/www.aib.media\/index.php?rest_route=\/wp\/v2\/posts\/142554\/revisions"}],"predecessor-version":[{"id":142557,"href":"https:\/\/www.aib.media\/index.php?rest_route=\/wp\/v2\/posts\/142554\/revisions\/142557"}],"wp:featuredmedia":[{"embeddable":true,"href":"https:\/\/www.aib.media\/index.php?rest_route=\/wp\/v2\/media\/142556"}],"wp:attachment":[{"href":"https:\/\/www.aib.media\/index.php?rest_route=%2Fwp%2Fv2%2Fmedia&parent=142554"}],"wp:term":[{"taxonomy":"category","embeddable":true,"href":"https:\/\/www.aib.media\/index.php?rest_route=%2Fwp%2Fv2%2Fcategories&post=142554"},{"taxonomy":"post_tag","embeddable":true,"href":"https:\/\/www.aib.media\/index.php?rest_route=%2Fwp%2Fv2%2Ftags&post=142554"}],"curies":[{"name":"wp","href":"https:\/\/api.w.org\/{rel}","templated":true}]}}