{"id":142545,"date":"2026-03-08T22:20:03","date_gmt":"2026-03-08T22:20:03","guid":{"rendered":"https:\/\/www.aib.media\/?p=142545"},"modified":"2026-03-08T22:20:03","modified_gmt":"2026-03-08T22:20:03","slug":"bougouriba-dolo-la-ceb-celebre-lexcellence-scolaire-et-formule-des-voeux-pour-une-annee-educative-reussie","status":"publish","type":"post","link":"https:\/\/www.aib.media\/?p=142545","title":{"rendered":"Bougouriba\/Dolo : la CEB c\u00e9l\u00e8bre l\u2019excellence scolaire et formule des v\u0153ux pour une ann\u00e9e \u00e9ducative r\u00e9ussie"},"content":{"rendered":"<p><strong>Bougouriba\/Dolo : la CEB c\u00e9l\u00e8bre l\u2019excellence scolaire et formule des v\u0153ux pour une ann\u00e9e \u00e9ducative r\u00e9ussie<\/strong><\/p>\n<p><strong>Dolo, 8 mars 2026 (AIB) \u2013 La Circonscription d\u2019\u00e9ducation de base (CEB) de Dolo a organis\u00e9, le vendredi 6 mars 2026, une c\u00e9r\u00e9monie de pr\u00e9sentation de v\u0153ux et de c\u00e9l\u00e9bration de l\u2019excellence scolaire. L\u2019activit\u00e9 a constitu\u00e9 un moment de reconnaissance et de motivation pour les acteurs de l\u2019\u00e9ducation de la commune, mobilis\u00e9s autour de l\u2019objectif commun de promouvoir une \u00e9ducation de qualit\u00e9.<\/strong><\/p>\n<p>La c\u00e9r\u00e9monie \u00e9tait pr\u00e9sid\u00e9e par le Chef de la CEB de Dolo, Bakary Jo\u00ebl Sanou, en pr\u00e9sence du Pr\u00e9fet, Pr\u00e9sident de la D\u00e9l\u00e9gation sp\u00e9ciale de la commune, Iliassa Ou\u00e9draogo, du Directeur provincial de l\u2019\u00c9ducation de base de la Bougouriba, Adolphe Moss\u00e9, ainsi que des responsables \u00e9ducatifs, des enseignants et des partenaires du syst\u00e8me \u00e9ducatif local.<\/p>\n<p>Cette rencontre a \u00e9t\u00e9 l\u2019occasion de mettre en lumi\u00e8re les performances enregistr\u00e9es par la circonscription. En effet, la CEB de Dolo a r\u00e9alis\u00e9 en 2025 un taux global de r\u00e9ussite de 94 % aux examens du Certificat d\u2019\u00e9tudes primaires (CEP) et au concours d\u2019entr\u00e9e en sixi\u00e8me, un r\u00e9sultat jug\u00e9 tr\u00e8s satisfaisant par les autorit\u00e9s \u00e9ducatives.<\/p>\n<p>Afin d\u2019encourager cette dynamique, plusieurs acteurs du monde \u00e9ducatif ont \u00e9t\u00e9 distingu\u00e9s pour leur contribution \u00e0 ces r\u00e9sultats. Des attestations de reconnaissance ont notamment \u00e9t\u00e9 remises aux enseignants ayant enregistr\u00e9 un taux de r\u00e9ussite de 100 % au CEP et au concours d\u2019entr\u00e9e en sixi\u00e8me. Les \u00e9coles de Goumpologo, Niceo A et Saptan se sont particuli\u00e8rement illustr\u00e9es et ont \u00e9t\u00e9 honor\u00e9es pour leurs performances exceptionnelles.<\/p>\n<p>Dans son allocution, le Chef de la CEB de Dolo, Bakary Jo\u00ebl Sanou, a salu\u00e9 l\u2019engagement de l\u2019ensemble du personnel \u00e9ducatif et des partenaires. Selon lui, ces r\u00e9sultats sont le fruit d\u2019un travail collectif. \u00ab Les performances enregistr\u00e9es sont le r\u00e9sultat d\u2019une synergie d\u2019actions entre les diff\u00e9rents acteurs de la communaut\u00e9 \u00e9ducative \u00bb, a-t-il indiqu\u00e9.<\/p>\n<p>Le Directeur provincial de l\u2019\u00c9ducation de base de la Bougouriba, Adolphe Moss\u00e9, a \u00e9galement f\u00e9licit\u00e9 les acteurs de la CEB de Dolo pour ces r\u00e9sultats encourageants. Il a invit\u00e9 les enseignants \u00e0 maintenir cette dynamique afin d\u2019am\u00e9liorer davantage les performances scolaires dans la province.<\/p>\n<p>Pour sa part, le Pr\u00e9fet et Pr\u00e9sident de la D\u00e9l\u00e9gation sp\u00e9ciale de Dolo, Iliassa Ou\u00e9draogo, a rendu hommage \u00e0 la r\u00e9silience des enseignants qui, malgr\u00e9 des conditions parfois difficiles, poursuivent avec d\u00e9vouement leur mission \u00e9ducative. Il a r\u00e9affirm\u00e9 l\u2019engagement des autorit\u00e9s administratives et communales \u00e0 accompagner toutes les initiatives visant \u00e0 renforcer le syst\u00e8me \u00e9ducatif local.<\/p>\n<p>Au nom des enseignants, leur repr\u00e9sentant a formul\u00e9 des v\u0153ux de sant\u00e9, de paix et de r\u00e9ussite \u00e0 l\u2019endroit des autorit\u00e9s et de l\u2019ensemble des acteurs de l\u2019\u00e9ducation. Il a \u00e9galement exprim\u00e9 quelques pr\u00e9occupations, notamment l\u2019am\u00e9lioration des conditions de travail, le renforcement de l\u2019accompagnement p\u00e9dagogique et une plus grande diligence dans le traitement des actes administratifs.<\/p>\n<p>Cette c\u00e9r\u00e9monie a ainsi permis de magnifier les efforts consentis par la communaut\u00e9 \u00e9ducative de Dolo et de r\u00e9affirmer la volont\u00e9 commune de poursuivre les actions en faveur d\u2019un enseignement de qualit\u00e9 pour les jeunes g\u00e9n\u00e9rations.<\/p>\n<p style=\"text-align: right\"><strong>Agence d&rsquo;Information du Burkina<\/strong><br \/>\n<strong>CO\/kmg-ata<\/strong><\/p>\n","protected":false},"excerpt":{"rendered":"<p>Bougouriba\/Dolo : la CEB c\u00e9l\u00e8bre l\u2019excellence scolaire et formule des v\u0153ux pour une ann\u00e9e \u00e9ducative r\u00e9ussie Dolo, 8 mars 2026 (AIB) \u2013 La Circonscription d\u2019\u00e9ducation de base (CEB) de Dolo a organis\u00e9, le vendredi 6 mars 2026, une c\u00e9r\u00e9monie de pr\u00e9sentation de v\u0153ux et de c\u00e9l\u00e9bration de l\u2019excellence scolaire. L\u2019activit\u00e9 a constitu\u00e9 un moment de [&hellip;]<\/p>\n","protected":false},"author":15,"featured_media":142546,"comment_status":"open","ping_status":"open","sticky":false,"template":"","format":"standard","meta":{"advanced_seo_description":"","jetpack_seo_html_title":"","jetpack_seo_noindex":false,"jetpack_post_was_ever_published":false,"footnotes":""},"categories":[135,173,93,203],"tags":[],"class_list":{"0":"post-142545","1":"post","2":"type-post","3":"status-publish","4":"format-standard","5":"has-post-thumbnail","7":"category-bougouriba","8":"category-depeches","9":"category-flashinfos","10":"category-la-une-aib"},"jetpack_featured_media_url":"https:\/\/i0.wp.com\/www.aib.media\/wp-content\/uploads\/2026\/03\/IMG-20260308-WA00641.jpg?fit=720%2C540&ssl=1","jetpack_shortlink":"https:\/\/wp.me\/pavbHe-B57","_links":{"self":[{"href":"https:\/\/www.aib.media\/index.php?rest_route=\/wp\/v2\/posts\/142545","targetHints":{"allow":["GET"]}}],"collection":[{"href":"https:\/\/www.aib.media\/index.php?rest_route=\/wp\/v2\/posts"}],"about":[{"href":"https:\/\/www.aib.media\/index.php?rest_route=\/wp\/v2\/types\/post"}],"author":[{"embeddable":true,"href":"https:\/\/www.aib.media\/index.php?rest_route=\/wp\/v2\/users\/15"}],"replies":[{"embeddable":true,"href":"https:\/\/www.aib.media\/index.php?rest_route=%2Fwp%2Fv2%2Fcomments&post=142545"}],"version-history":[{"count":1,"href":"https:\/\/www.aib.media\/index.php?rest_route=\/wp\/v2\/posts\/142545\/revisions"}],"predecessor-version":[{"id":142547,"href":"https:\/\/www.aib.media\/index.php?rest_route=\/wp\/v2\/posts\/142545\/revisions\/142547"}],"wp:featuredmedia":[{"embeddable":true,"href":"https:\/\/www.aib.media\/index.php?rest_route=\/wp\/v2\/media\/142546"}],"wp:attachment":[{"href":"https:\/\/www.aib.media\/index.php?rest_route=%2Fwp%2Fv2%2Fmedia&parent=142545"}],"wp:term":[{"taxonomy":"category","embeddable":true,"href":"https:\/\/www.aib.media\/index.php?rest_route=%2Fwp%2Fv2%2Fcategories&post=142545"},{"taxonomy":"post_tag","embeddable":true,"href":"https:\/\/www.aib.media\/index.php?rest_route=%2Fwp%2Fv2%2Ftags&post=142545"}],"curies":[{"name":"wp","href":"https:\/\/api.w.org\/{rel}","templated":true}]}}