{"id":142524,"date":"2026-03-08T19:30:26","date_gmt":"2026-03-08T19:30:26","guid":{"rendered":"https:\/\/www.aib.media\/?p=142524"},"modified":"2026-03-08T19:30:26","modified_gmt":"2026-03-08T19:30:26","slug":"koulpelogo-8-mars-les-femmes-reflechissent-a-leur-role-dans-la-construction-dune-paix-durable","status":"publish","type":"post","link":"https:\/\/www.aib.media\/?p=142524","title":{"rendered":"Koulp\u00e9logo\/8 mars : Les femmes r\u00e9fl\u00e9chissent \u00e0 leur r\u00f4le dans la construction d\u2019une paix durable"},"content":{"rendered":"<p><strong>Koulp\u00e9logo\/8 mars : Les femmes r\u00e9fl\u00e9chissent \u00e0 leur r\u00f4le dans la construction d\u2019une paix durable<\/strong><\/p>\n<p><strong>Ouargaye, 8 mars 2026 (AIB) \u2013 Les femmes de la province du Koulp\u00e9logo ont \u00e9t\u00e9 invit\u00e9es, dimanche, au cours d\u2019une conf\u00e9rence organis\u00e9e \u00e0 l\u2019occasion de la Journ\u00e9e internationale des droits des femmes, \u00e0 r\u00e9fl\u00e9chir \u00e0 leur contribution dans la construction de la paix et le renforcement de la coh\u00e9sion sociale<\/strong>.<\/p>\n<p>Le secr\u00e9taire g\u00e9n\u00e9ral de la province du Koulp\u00e9logo, Patind\u00e9 Zoungrana, pr\u00e9sidant la c\u00e9r\u00e9monie d\u2019ouverture de la conf\u00e9rence \u00e0 encourager les participantes \u00e0 mener des r\u00e9flexions approfondies autour du th\u00e8me : \u00ab B\u00e2tir une paix durable : quels r\u00f4les pour les femmes et les filles pour un vivre-ensemble harmonieux ? \u00bb.<br \/>\nLe secr\u00e9taire g\u00e9n\u00e9ral a \u00e9galement transmis le message du ministre en charge de la famille et de la solidarit\u00e9 nationale.<\/p>\n<p>De son c\u00f4t\u00e9, la coordonnatrice provinciale des femmes, Zombr\u00e9 Soul\u00e9 C\u00e9line, a remerci\u00e9 les femmes pour leur forte participation aux activit\u00e9s organis\u00e9es depuis le 05 mars. Selon elle, cet engagement traduit la volont\u00e9 des femmes de travailler \u00e0 leur \u00e9panouissement et de contribuer au d\u00e9veloppement de leur communaut\u00e9.<\/p>\n<p>Mme Zombr\u00e9 a rappel\u00e9 que la Journ\u00e9e internationale des droits des femmes est avant tout un moment de r\u00e9flexion sur les droits et les responsabilit\u00e9s des femmes, et non une simple f\u00eate comme certains pourraient le penser. Elle a aussi exprim\u00e9 sa gratitude aux autorit\u00e9s administratives et aux partenaires pour leur accompagnement.<\/p>\n<p>La conf\u00e9rence a donn\u00e9 lieu \u00e0 des \u00e9changes enrichissants entre les participantes sur la contribution des femmes et des filles \u00e0 la consolidation de la paix et du vivre-ensemble.<\/p>\n<p>Les activit\u00e9s comm\u00e9moratives se sont termin\u00e9es par des activit\u00e9s sportives, notamment un match de football opposant l\u2019\u00e9quipe des femmes \u00e0 celle des hommes. \u00c0 l\u2019issue de la rencontre, l\u2019\u00e9quipe f\u00e9minine s\u2019est impos\u00e9e par quatre buts \u00e0 deux, mettant fin \u00e0 la journ\u00e9e dans une ambiance conviviale et fraternelle.<\/p>\n<p>Les activit\u00e9s marquant la c\u00e9l\u00e9bration de la Journ\u00e9e internationale des droits des femmes ont d\u00e9but\u00e9 les 05 et 06 mars par des actions de salubrit\u00e9, notamment le nettoyage de plusieurs lieux publics de la ville, illustrant l\u2019engagement des femmes pour l\u2019am\u00e9lioration du cadre de vie.<\/p>\n<p style=\"text-align: right\"><strong>Agence d\u2019information du Burkina.<\/strong><br \/>\n<strong>BP\/yos<\/strong><\/p>\n","protected":false},"excerpt":{"rendered":"<p>Koulp\u00e9logo\/8 mars : Les femmes r\u00e9fl\u00e9chissent \u00e0 leur r\u00f4le dans la construction d\u2019une paix durable Ouargaye, 8 mars 2026 (AIB) \u2013 Les femmes de la province du Koulp\u00e9logo ont \u00e9t\u00e9 invit\u00e9es, dimanche, au cours d\u2019une conf\u00e9rence organis\u00e9e \u00e0 l\u2019occasion de la Journ\u00e9e internationale des droits des femmes, \u00e0 r\u00e9fl\u00e9chir \u00e0 leur contribution dans la construction [&hellip;]<\/p>\n","protected":false},"author":15,"featured_media":142543,"comment_status":"open","ping_status":"open","sticky":false,"template":"","format":"standard","meta":{"advanced_seo_description":"","jetpack_seo_html_title":"","jetpack_seo_noindex":false,"jetpack_post_was_ever_published":false,"footnotes":""},"categories":[173,93,104,203],"tags":[],"class_list":{"0":"post-142524","1":"post","2":"type-post","3":"status-publish","4":"format-standard","5":"has-post-thumbnail","7":"category-depeches","8":"category-flashinfos","9":"category-koulpelogo","10":"category-la-une-aib"},"jetpack_featured_media_url":"https:\/\/i0.wp.com\/www.aib.media\/wp-content\/uploads\/2026\/03\/IMG-20260308-WA0081.jpg?fit=1080%2C486&ssl=1","jetpack_shortlink":"https:\/\/wp.me\/pavbHe-B4M","_links":{"self":[{"href":"https:\/\/www.aib.media\/index.php?rest_route=\/wp\/v2\/posts\/142524","targetHints":{"allow":["GET"]}}],"collection":[{"href":"https:\/\/www.aib.media\/index.php?rest_route=\/wp\/v2\/posts"}],"about":[{"href":"https:\/\/www.aib.media\/index.php?rest_route=\/wp\/v2\/types\/post"}],"author":[{"embeddable":true,"href":"https:\/\/www.aib.media\/index.php?rest_route=\/wp\/v2\/users\/15"}],"replies":[{"embeddable":true,"href":"https:\/\/www.aib.media\/index.php?rest_route=%2Fwp%2Fv2%2Fcomments&post=142524"}],"version-history":[{"count":1,"href":"https:\/\/www.aib.media\/index.php?rest_route=\/wp\/v2\/posts\/142524\/revisions"}],"predecessor-version":[{"id":142544,"href":"https:\/\/www.aib.media\/index.php?rest_route=\/wp\/v2\/posts\/142524\/revisions\/142544"}],"wp:featuredmedia":[{"embeddable":true,"href":"https:\/\/www.aib.media\/index.php?rest_route=\/wp\/v2\/media\/142543"}],"wp:attachment":[{"href":"https:\/\/www.aib.media\/index.php?rest_route=%2Fwp%2Fv2%2Fmedia&parent=142524"}],"wp:term":[{"taxonomy":"category","embeddable":true,"href":"https:\/\/www.aib.media\/index.php?rest_route=%2Fwp%2Fv2%2Fcategories&post=142524"},{"taxonomy":"post_tag","embeddable":true,"href":"https:\/\/www.aib.media\/index.php?rest_route=%2Fwp%2Fv2%2Ftags&post=142524"}],"curies":[{"name":"wp","href":"https:\/\/api.w.org\/{rel}","templated":true}]}}