{"id":142508,"date":"2026-03-07T22:25:36","date_gmt":"2026-03-07T22:25:36","guid":{"rendered":"https:\/\/www.aib.media\/?p=142508"},"modified":"2026-03-07T22:25:36","modified_gmt":"2026-03-07T22:25:36","slug":"affaire-magistrats-et-autres-les-7-condamnes-et-le-parquet-font-appel-du-jugement-de-koupela","status":"publish","type":"post","link":"https:\/\/www.aib.media\/?p=142508","title":{"rendered":"Affaire \u00ab Magistrats et autres \u00bb : les 7 condamn\u00e9s et le parquet font appel du jugement de Koup\u00e9la"},"content":{"rendered":"<p><strong>Affaire \u00ab Magistrats et autres \u00bb : les 7 condamn\u00e9s et le parquet font appel du jugement de Koup\u00e9la<\/strong><\/p>\n<p><strong>Ouagadougou, 6 mars 2026 (AIB)-Les sept condamn\u00e9s dans l\u2019affaire Medah Aniatisa Urbain et neuf autres ont interjet\u00e9 appel de la d\u00e9cision rendue par la chambre correctionnelle du Tribunal de grande instance de Koup\u00e9la le 24 f\u00e9vrier 2026, tout comme le parquet, qui conteste certaines peines jug\u00e9es insuffisantes ainsi que les relaxes prononc\u00e9es, a appris vendredi l\u2019AIB.<\/strong><\/p>\n<p>Les sept pr\u00e9venus condamn\u00e9s dans cette affaire ont relev\u00e9 appel le jour m\u00eame du prononc\u00e9 du jugement, selon une source judiciaire jointe par l\u2019AIB.<\/p>\n<p>En rappel, sur les dix personnes poursuivies dans ce dossier, seules trois ont \u00e9t\u00e9 relax\u00e9es, notamment le procureur g\u00e9n\u00e9ral Jean-Jacques Ou\u00e9draogo, le douanier Seydou Traor\u00e9 et l\u2019avocat Arnaud Samp\u00e9br\u00e9.<\/p>\n<p>De son c\u00f4t\u00e9, le minist\u00e8re public a \u00e9galement interjet\u00e9 appel quelques jours apr\u00e8s la d\u00e9cision du tribunal. Cet appel porte \u00e0 la fois sur les peines prononc\u00e9es et sur les relaxes prononc\u00e9es en faveur des trois pr\u00e9venus.<\/p>\n<p>Le parquet estime en effet que les sanctions prononc\u00e9es ne sont pas conformes \u00e0 la gravit\u00e9 des faits reproch\u00e9s.<\/p>\n<p>En rappel, lors de ses r\u00e9quisitions, le minist\u00e8re public avait requis des peines d\u2019au moins douze mois de prison ferme contre les pr\u00e9venus. Or, dans son jugement, le tribunal a prononc\u00e9 des peines de quinze mois d\u2019emprisonnement, dont deux mois fermes, contre certains pr\u00e9venus.<\/p>\n<p>\u00c0 travers cet appel, le minist\u00e8re public souhaite que la Cour d\u2019appel reconnaisse la culpabilit\u00e9 de l\u2019ensemble des pr\u00e9venus poursuivis et prononce des peines plus s\u00e9v\u00e8res contre ceux reconnus coupables.<\/p>\n<p>Les d\u00e9bats devraient ainsi se poursuivre devant la Cour d\u2019appel de Fada N\u2019Gourma dans les prochains jours.<\/p>\n<p style=\"text-align: right\"><strong>Agence d\u2019information du Burkina<\/strong><br \/>\n<strong>YOS\/ata<\/strong><\/p>\n","protected":false},"excerpt":{"rendered":"<p>Affaire \u00ab Magistrats et autres \u00bb : les 7 condamn\u00e9s et le parquet font appel du jugement de Koup\u00e9la Ouagadougou, 6 mars 2026 (AIB)-Les sept condamn\u00e9s dans l\u2019affaire Medah Aniatisa Urbain et neuf autres ont interjet\u00e9 appel de la d\u00e9cision rendue par la chambre correctionnelle du Tribunal de grande instance de Koup\u00e9la le 24 f\u00e9vrier [&hellip;]<\/p>\n","protected":false},"author":15,"featured_media":142509,"comment_status":"open","ping_status":"open","sticky":false,"template":"","format":"standard","meta":{"advanced_seo_description":"","jetpack_seo_html_title":"","jetpack_seo_noindex":false,"jetpack_post_was_ever_published":false,"footnotes":""},"categories":[173,93,102,203],"tags":[],"class_list":{"0":"post-142508","1":"post","2":"type-post","3":"status-publish","4":"format-standard","5":"has-post-thumbnail","7":"category-depeches","8":"category-flashinfos","9":"category-kadiogo","10":"category-la-une-aib"},"jetpack_featured_media_url":"https:\/\/i0.wp.com\/www.aib.media\/wp-content\/uploads\/2026\/03\/IMG-20260307-WA0148.jpg?fit=1024%2C768&ssl=1","jetpack_shortlink":"https:\/\/wp.me\/pavbHe-B4w","_links":{"self":[{"href":"https:\/\/www.aib.media\/index.php?rest_route=\/wp\/v2\/posts\/142508","targetHints":{"allow":["GET"]}}],"collection":[{"href":"https:\/\/www.aib.media\/index.php?rest_route=\/wp\/v2\/posts"}],"about":[{"href":"https:\/\/www.aib.media\/index.php?rest_route=\/wp\/v2\/types\/post"}],"author":[{"embeddable":true,"href":"https:\/\/www.aib.media\/index.php?rest_route=\/wp\/v2\/users\/15"}],"replies":[{"embeddable":true,"href":"https:\/\/www.aib.media\/index.php?rest_route=%2Fwp%2Fv2%2Fcomments&post=142508"}],"version-history":[{"count":1,"href":"https:\/\/www.aib.media\/index.php?rest_route=\/wp\/v2\/posts\/142508\/revisions"}],"predecessor-version":[{"id":142510,"href":"https:\/\/www.aib.media\/index.php?rest_route=\/wp\/v2\/posts\/142508\/revisions\/142510"}],"wp:featuredmedia":[{"embeddable":true,"href":"https:\/\/www.aib.media\/index.php?rest_route=\/wp\/v2\/media\/142509"}],"wp:attachment":[{"href":"https:\/\/www.aib.media\/index.php?rest_route=%2Fwp%2Fv2%2Fmedia&parent=142508"}],"wp:term":[{"taxonomy":"category","embeddable":true,"href":"https:\/\/www.aib.media\/index.php?rest_route=%2Fwp%2Fv2%2Fcategories&post=142508"},{"taxonomy":"post_tag","embeddable":true,"href":"https:\/\/www.aib.media\/index.php?rest_route=%2Fwp%2Fv2%2Ftags&post=142508"}],"curies":[{"name":"wp","href":"https:\/\/api.w.org\/{rel}","templated":true}]}}