{"id":142498,"date":"2026-03-07T19:23:46","date_gmt":"2026-03-07T19:23:46","guid":{"rendered":"https:\/\/www.aib.media\/?p=142498"},"modified":"2026-03-07T19:23:46","modified_gmt":"2026-03-07T19:23:46","slug":"kompienga-encadrement-civique-la-formation-nest-pas-un-divertissement-mais-un-engagement-envers-la-nation-sg","status":"publish","type":"post","link":"https:\/\/www.aib.media\/?p=142498","title":{"rendered":"Kompienga\/Encadrement civique : \u00ab La formation n\u2019est pas un divertissement mais un engagement envers la Nation \u00bb, SG"},"content":{"rendered":"<p>BURKINA-PAMA-CLOTURE-ENCADREMENT-CIVIQUE<\/p>\n<p><strong>Kompienga\/Encadrement civique : \u00ab La formation n\u2019est pas un divertissement mais un engagement envers la Nation \u00bb, SG<\/strong><\/p>\n<p>Pama, 7 mars 2026 (AIB)-Le secr\u00e9taire g\u00e9n\u00e9ral de la province de la Kompienga, Issa Dabon\u00e9, repr\u00e9sentant le Haut-commissaire, a pr\u00e9sid\u00e9, ce samedi 7 mars 2026 au sein du lyc\u00e9e provincial de Pama, la c\u00e9r\u00e9monie de cl\u00f4ture de la premi\u00e8re phase des activit\u00e9s de l&rsquo;encadrement civique et patriotique. Il a rappel\u00e9 aux \u00e9l\u00e8ves que la formation n\u2019est pas un divertissement mais un engagement pris avec la Nation.<\/p>\n<p>Etaient pr\u00e9sents \u00e0 la c\u00e9r\u00e9monie de fin de la premi\u00e8re phase des activit\u00e9s de l&rsquo;encadrement civique et patriotique, les corps constitu\u00e9s de la province, les acteurs \u00e9ducatifs, les parents d&rsquo;\u00e9l\u00e8ves et les \u00e9l\u00e8ves.<\/p>\n<p>Le secr\u00e9taire g\u00e9n\u00e9ral de la province de la Kompienga, Issa Dabon\u00e9, s\u2019est dit satisfait du bon d\u00e9roulement de ces activit\u00e9s.<\/p>\n<p>Il a f\u00e9licit\u00e9 l&rsquo;ensemble des encadreurs qui ont assur\u00e9 la formation avec brio et de fa\u00e7on volontaire.<\/p>\n<p>\u00ab Cette session de l&rsquo;encadrement civique et patriotique n&rsquo;est pas une parenth\u00e8se pour un divertissement, c&rsquo;est un engagement pris avec la Nation afin que les maux tels que l&rsquo;indiscipline, l\u2019incivisme, la consommation des stup\u00e9fiants soient abolis dans nos \u00e9tablissements \u00bb, a rench\u00e9rit M. Dabon\u00e9.<\/p>\n<p><strong>Agence d\u2019information du Burkina<\/strong><\/p>\n<p><strong>OH\/HB\/OO<\/strong><\/p>\n","protected":false},"excerpt":{"rendered":"<p>BURKINA-PAMA-CLOTURE-ENCADREMENT-CIVIQUE Kompienga\/Encadrement civique : \u00ab La formation n\u2019est pas un divertissement mais un engagement envers la Nation \u00bb, SG Pama, 7 mars 2026 (AIB)-Le secr\u00e9taire g\u00e9n\u00e9ral de la province de la Kompienga, Issa Dabon\u00e9, repr\u00e9sentant le Haut-commissaire, a pr\u00e9sid\u00e9, ce samedi 7 mars 2026 au sein du lyc\u00e9e provincial de Pama, la c\u00e9r\u00e9monie de cl\u00f4ture [&hellip;]<\/p>\n","protected":false},"author":16,"featured_media":142499,"comment_status":"open","ping_status":"open","sticky":false,"template":"","format":"standard","meta":{"advanced_seo_description":"","jetpack_seo_html_title":"","jetpack_seo_noindex":false,"jetpack_post_was_ever_published":false,"footnotes":""},"categories":[173,789,80,49,93,119,203,38,40],"tags":[],"class_list":{"0":"post-142498","1":"post","2":"type-post","3":"status-publish","4":"format-standard","5":"has-post-thumbnail","7":"category-depeches","8":"category-developpement","9":"category-dossiers","10":"category-est","11":"category-flashinfos","12":"category-kompienga","13":"category-la-une-aib","14":"category-politique","15":"category-regions"},"jetpack_featured_media_url":"https:\/\/i0.wp.com\/www.aib.media\/wp-content\/uploads\/2026\/03\/IMG-20260307-WA0068.jpg?fit=1224%2C1224&ssl=1","jetpack_shortlink":"https:\/\/wp.me\/pavbHe-B4m","_links":{"self":[{"href":"https:\/\/www.aib.media\/index.php?rest_route=\/wp\/v2\/posts\/142498","targetHints":{"allow":["GET"]}}],"collection":[{"href":"https:\/\/www.aib.media\/index.php?rest_route=\/wp\/v2\/posts"}],"about":[{"href":"https:\/\/www.aib.media\/index.php?rest_route=\/wp\/v2\/types\/post"}],"author":[{"embeddable":true,"href":"https:\/\/www.aib.media\/index.php?rest_route=\/wp\/v2\/users\/16"}],"replies":[{"embeddable":true,"href":"https:\/\/www.aib.media\/index.php?rest_route=%2Fwp%2Fv2%2Fcomments&post=142498"}],"version-history":[{"count":1,"href":"https:\/\/www.aib.media\/index.php?rest_route=\/wp\/v2\/posts\/142498\/revisions"}],"predecessor-version":[{"id":142500,"href":"https:\/\/www.aib.media\/index.php?rest_route=\/wp\/v2\/posts\/142498\/revisions\/142500"}],"wp:featuredmedia":[{"embeddable":true,"href":"https:\/\/www.aib.media\/index.php?rest_route=\/wp\/v2\/media\/142499"}],"wp:attachment":[{"href":"https:\/\/www.aib.media\/index.php?rest_route=%2Fwp%2Fv2%2Fmedia&parent=142498"}],"wp:term":[{"taxonomy":"category","embeddable":true,"href":"https:\/\/www.aib.media\/index.php?rest_route=%2Fwp%2Fv2%2Fcategories&post=142498"},{"taxonomy":"post_tag","embeddable":true,"href":"https:\/\/www.aib.media\/index.php?rest_route=%2Fwp%2Fv2%2Ftags&post=142498"}],"curies":[{"name":"wp","href":"https:\/\/api.w.org\/{rel}","templated":true}]}}