{"id":142483,"date":"2026-03-07T19:02:36","date_gmt":"2026-03-07T19:02:36","guid":{"rendered":"https:\/\/www.aib.media\/?p=142483"},"modified":"2026-03-07T19:02:36","modified_gmt":"2026-03-07T19:02:36","slug":"kourweogo-montee-des-couleurs-nationales-le-haut-commissaire-invite-les-agents-publics-a-etre-des-modeles-dintegrite","status":"publish","type":"post","link":"https:\/\/www.aib.media\/?p=142483","title":{"rendered":"Kourw\u00e9ogo\/Mont\u00e9e des couleurs nationales : Le Haut-commissaire invite les agents publics \u00e0 \u00eatre des mod\u00e8les d\u2019int\u00e9grit\u00e9"},"content":{"rendered":"<p>BURKINA-KOURWEOGO-MONTEE-COULEURS-NATIONALES<\/p>\n<p>&nbsp;<\/p>\n<p><strong>Kourw\u00e9ogo\/Mont\u00e9e des couleurs nationales : Le Haut-commissaire invite les agents publics \u00e0 \u00eatre des mod\u00e8les d\u2019int\u00e9grit\u00e9<\/strong><\/p>\n<p>&nbsp;<\/p>\n<p>Bouss\u00e9, 06 mars 2026 (AIB)-Le Haut-commissaire de la province du Kourw\u00e9ogo, Mahamadi Congo, a appel\u00e9, ce jeudi 05 mars 2026, les agents publics \u00e0 \u00eatre des mod\u00e8les d&rsquo;int\u00e9grit\u00e9 et de loyaut\u00e9 au service des populations. C\u2019\u00e9tait \u00e0 l\u2019occasion de la c\u00e9r\u00e9monie mensuelle de mont\u00e9e des couleurs tenue \u00e0 la direction provinciale des Eaux et for\u00eats, en pr\u00e9sence des corps constitu\u00e9s de la localit\u00e9.<\/p>\n<p>&nbsp;<\/p>\n<p>La direction provinciale des Eaux et for\u00eats du Kourw\u00e9ogo, a abrit\u00e9 ce jeudi 5 mars 2026 la rencontre mensuelle des corps constitu\u00e9s de la province, marqu\u00e9e par un hommage rendu \u00e0 l&#8217;embl\u00e8me nationale et de prises de parole.<\/p>\n<p>&nbsp;<\/p>\n<p>Le Haut-commissaire de la province du Kourw\u00e9ogo, Mahamadi Congo, a appel\u00e9 les agents publics \u00e0 \u00eatre des mod\u00e8les d&rsquo;int\u00e9grit\u00e9 et de loyaut\u00e9 au service des populations.<\/p>\n<p>&nbsp;<\/p>\n<p>Il a insist\u00e9 notamment sur le respect des horaires de travail, l&rsquo;\u00e9thique et la lutte contre toutes formes de pratiques qui n&rsquo;honorent ni l&rsquo;agent ni les services de l&rsquo;Etat.<\/p>\n<p>&nbsp;<\/p>\n<p>Le Haut-commissaire, a ensuite salu\u00e9 l&rsquo;ouverture d&rsquo;une brigade de la compagnie r\u00e9publicaine de s\u00e9curit\u00e9 dans la province.<\/p>\n<p>&nbsp;<\/p>\n<p>\u00ab L&rsquo;implantation de cette unit\u00e9 de la police nationale vient renforcer le dispositive s\u00e9curitaire dans la zone \u00bb, a-t-il mentionn\u00e9.<\/p>\n<p>&nbsp;<\/p>\n<p>Aussi, M. Congo, a appel\u00e9 les populations \u00e0 travailler en \u00e9troite collaboration avec la nouvelle brigade pour le d\u00e9roulement de ses missions.<\/p>\n<p>&nbsp;<\/p>\n<p>Faisant le point de la mobilisation des ressources pour le compte de l&rsquo;initiative D\u00e8m\u00e8 Sira, l\u2019autorit\u00e9 provinciale, a f\u00e9licit\u00e9 les forces vives du Kourw\u00e9ogo dont la contribution s&rsquo;\u00e9levant \u00e0 plus de 4 millions de F CFA, classe la province au 2e au rang dans la r\u00e9gion.<\/p>\n<p>&nbsp;<\/p>\n<p>Mahamadi Congo, a souhait\u00e9 un fructueux mois de car\u00eame et de je\u00fbne aux participants et a formul\u00e9 le v\u0153u que ce mois de p\u00e9nitence apporte paix et s\u00e9curit\u00e9 au Burkina Faso.<\/p>\n<p>&nbsp;<\/p>\n<p>Il a invit\u00e9 chaque citoyen \u00e0 l\u2019exemplarit\u00e9 fiscale en s\u2019acquittant de leurs imp\u00f4ts et taxes.<\/p>\n<p>&nbsp;<\/p>\n<p>Le directeur provincial des Eaux et for\u00eats du Kourweogo, Tasser\u00e9 Ou\u00e9draogo, a plaid\u00e9 pour la pr\u00e9servation du milieu naturel de la faune aquatique.<\/p>\n<p>&nbsp;<\/p>\n<p>L\u2019ass\u00e8chement des bas-fonds, a-t-il expliqu\u00e9, conduit les crocodiles qu\u2019ils abritent, migrer vers les concessions ou dans les rues en qu\u00eate de fra\u00eecheur, toute chose pouvant entrainer des conflits.<\/p>\n<p>&nbsp;<\/p>\n<p>M. Ou\u00e9draogo, a invit\u00e9 les exploitants des plans d\u2019eaux de la localit\u00e9 une exploitation de la ressource en tenant compte des crocodiles qui sont prot\u00e9g\u00e9s et v\u00e9n\u00e9r\u00e9s par une grande partie de la communaut\u00e9.<\/p>\n<p>&nbsp;<\/p>\n<p>Le directeur provincial, a t\u00e9moign\u00e9 sa reconnaissance \u00e0 toutes les couches sociales pour leur engagement dans la mise en \u0153uvre des activit\u00e9s de reboisement dans la province.<\/p>\n<p>&nbsp;<\/p>\n<p>Le tout premier commandant de la Compagnie r\u00e9publicaine de s\u00e9curit\u00e9 (CRS) de Bouss\u00e9, Alassane Kabor\u00e9, a indiqu\u00e9 que la compagnie a pour missions le maintien de l\u2019ordre et de l\u2019appui \u00e0 la Brigade anti criminalit\u00e9 (BAC) de la police nationale dans la lutte contre le terrorisme et la criminalit\u00e9 urbaine.<\/p>\n<p>La direction provinciale des imp\u00f4ts a \u00e9t\u00e9 d\u00e9sign\u00e9e pour accueillir la prochaine rencontre.<\/p>\n<p><strong>Agence d\u2019information du Burkina<\/strong><\/p>\n<p><strong>DB\/SZ\/HB\/OO<\/strong><\/p>\n","protected":false},"excerpt":{"rendered":"<p>BURKINA-KOURWEOGO-MONTEE-COULEURS-NATIONALES &nbsp; Kourw\u00e9ogo\/Mont\u00e9e des couleurs nationales : Le Haut-commissaire invite les agents publics \u00e0 \u00eatre des mod\u00e8les d\u2019int\u00e9grit\u00e9 &nbsp; Bouss\u00e9, 06 mars 2026 (AIB)-Le Haut-commissaire de la province du Kourw\u00e9ogo, Mahamadi Congo, a appel\u00e9, ce jeudi 05 mars 2026, les agents publics \u00e0 \u00eatre des mod\u00e8les d&rsquo;int\u00e9grit\u00e9 et de loyaut\u00e9 au service des populations. C\u2019\u00e9tait [&hellip;]<\/p>\n","protected":false},"author":16,"featured_media":142484,"comment_status":"open","ping_status":"open","sticky":false,"template":"","format":"standard","meta":{"advanced_seo_description":"","jetpack_seo_html_title":"","jetpack_seo_noindex":false,"jetpack_post_was_ever_published":false,"footnotes":""},"categories":[173,80,93,783,203,52,38,40,36],"tags":[],"class_list":{"0":"post-142483","1":"post","2":"type-post","3":"status-publish","4":"format-standard","5":"has-post-thumbnail","7":"category-depeches","8":"category-dossiers","9":"category-flashinfos","10":"category-kourweogo","11":"category-la-une-aib","12":"category-plateau-central","13":"category-politique","14":"category-regions","15":"category-societe"},"jetpack_featured_media_url":"https:\/\/i0.wp.com\/www.aib.media\/wp-content\/uploads\/2026\/03\/IMG-20260307-WA0047.jpg?fit=1020%2C448&ssl=1","jetpack_shortlink":"https:\/\/wp.me\/pavbHe-B47","_links":{"self":[{"href":"https:\/\/www.aib.media\/index.php?rest_route=\/wp\/v2\/posts\/142483","targetHints":{"allow":["GET"]}}],"collection":[{"href":"https:\/\/www.aib.media\/index.php?rest_route=\/wp\/v2\/posts"}],"about":[{"href":"https:\/\/www.aib.media\/index.php?rest_route=\/wp\/v2\/types\/post"}],"author":[{"embeddable":true,"href":"https:\/\/www.aib.media\/index.php?rest_route=\/wp\/v2\/users\/16"}],"replies":[{"embeddable":true,"href":"https:\/\/www.aib.media\/index.php?rest_route=%2Fwp%2Fv2%2Fcomments&post=142483"}],"version-history":[{"count":1,"href":"https:\/\/www.aib.media\/index.php?rest_route=\/wp\/v2\/posts\/142483\/revisions"}],"predecessor-version":[{"id":142485,"href":"https:\/\/www.aib.media\/index.php?rest_route=\/wp\/v2\/posts\/142483\/revisions\/142485"}],"wp:featuredmedia":[{"embeddable":true,"href":"https:\/\/www.aib.media\/index.php?rest_route=\/wp\/v2\/media\/142484"}],"wp:attachment":[{"href":"https:\/\/www.aib.media\/index.php?rest_route=%2Fwp%2Fv2%2Fmedia&parent=142483"}],"wp:term":[{"taxonomy":"category","embeddable":true,"href":"https:\/\/www.aib.media\/index.php?rest_route=%2Fwp%2Fv2%2Fcategories&post=142483"},{"taxonomy":"post_tag","embeddable":true,"href":"https:\/\/www.aib.media\/index.php?rest_route=%2Fwp%2Fv2%2Ftags&post=142483"}],"curies":[{"name":"wp","href":"https:\/\/api.w.org\/{rel}","templated":true}]}}