{"id":142477,"date":"2026-03-07T18:54:08","date_gmt":"2026-03-07T18:54:08","guid":{"rendered":"https:\/\/www.aib.media\/?p=142477"},"modified":"2026-03-07T18:54:08","modified_gmt":"2026-03-07T18:54:08","slug":"burkina-mgr-relwende-kisito-ouedraogo-ordonne-eveque-et-nonce-apostolique-pour-le-congo-brazzaville-et-le-gabon","status":"publish","type":"post","link":"https:\/\/www.aib.media\/?p=142477","title":{"rendered":"\u200eBurkina : Mgr Relwend\u00e9 Kisito Ou\u00e9draogo ordonn\u00e9 \u00e9v\u00eaque et nonce apostolique pour le Congo Brazzaville et le Gabon"},"content":{"rendered":"<p>Burkina-Cons\u00e9cration-\u00c9piscopale-Ev\u00eaque<\/p>\n<p>\u200e<\/p>\n<p><strong>\u200eBurkina : Mgr Relwend\u00e9 Kisito Ou\u00e9draogo ordonn\u00e9 \u00e9v\u00eaque et nonce apostolique pour le Congo Brazzaville et le Gabon<\/strong><\/p>\n<p>\u200e<\/p>\n<p>\u200eOuagadougou, 7 mars 2026 (AIB)-La basilique mineure Notre-Dame de Yagma a abrit\u00e9 ce samedi la cons\u00e9cration \u00e9piscopale de Monseigneur Relwend\u00e9 Kisito Ou\u00e9draogo, nomm\u00e9 par le pape L\u00e9on XIV Ev\u00eaque titulaire de Hilta et nonce apostolique en R\u00e9publique du Congo Brazzaville et au Gabon.<\/p>\n<p>\u200ele Secr\u00e9taire du Saint Si\u00e8ge, le cardinal Pietro Parolin, repr\u00e9sentant le pape L\u00e9on XIV a pr\u00e9sid\u00e9 \u00e0 la basilique notre dame de Yagma, la c\u00e9r\u00e9monie d\u2019ordination \u00e9piscopale de Monseigneur Relwend\u00e9 Kisito Ou\u00e9draogo, Ev\u00eaque titulaire de Hilta et nonce apostolique en R\u00e9publique du Congo Brazzaville et au Gabon.<\/p>\n<p>\u200eLa c\u00e9r\u00e9monie s\u2019est d\u00e9roul\u00e9e en pr\u00e9sence de plusieurs membres du gouvernement burkinab\u00e8 d\u2019autorit\u00e9s religieuses, civiles et militaires, ainsi que de fid\u00e8les venus nombreux du Burkina Faso et de plusieurs pays.<\/p>\n<p>\u200e<\/p>\n<p>\u200eDans son allocution, Mgr Relwend\u00e9 Kisito Ou\u00e9draogo a rendu gr\u00e2ce \u00e0 Dieu pour la mission qui lui est confi\u00e9e, reconnaissant avoir travers\u00e9 un moment de profonde r\u00e9flexion int\u00e9rieure avant d\u2019accepter cette responsabilit\u00e9. \u00ab J\u2019ai pass\u00e9 une nuit de luttes int\u00e9rieures, cherchant des raisons pour justifier mon incapacit\u00e9 \u00e0 assumer une telle charge \u00bb, a-t-il confi\u00e9.<\/p>\n<p>&nbsp;<\/p>\n<p>\u200eIl a confi\u00e9 avoir trouv\u00e9 la paix et la force d\u2019accepter l\u2019appel du Saint-P\u00e8re dans Jean chapitre 2 verset 5 qui dit \u00ab Tout ce qu\u2019il vous dira, faites-le \u00bb.<\/p>\n<p>\u200eLe nouveau nonce apostolique a exprim\u00e9 sa profonde gratitude au pape L\u00e9on XIV pour la confiance plac\u00e9e en lui, ainsi qu\u2019au cardinal Pietro Parolin et aux responsables de la Secr\u00e9tairerie d\u2019\u00c9tat du Saint-Si\u00e8ge, aupr\u00e8s desquels il a servi durant plus de douze ans.<\/p>\n<p>\u200e<\/p>\n<p>\u200eIl a \u00e9galement adress\u00e9 ses remerciements aux \u00e9v\u00eaques du Burkina Faso, \u00e0 ses formateurs, aux pr\u00eatres, aux religieux et aux fid\u00e8les, ainsi qu\u2019aux d\u00e9l\u00e9gations venues de plusieurs pays d\u2019Afrique et d\u2019Europe pour assister \u00e0 la c\u00e9r\u00e9monie.<\/p>\n<p>\u200eDans son message, Mgr Ou\u00e9draogo a insist\u00e9 sur l\u2019importance de l\u2019intelligence humaine comme premi\u00e8re ressource pour le d\u00e9veloppement des soci\u00e9t\u00e9s. \u00ab Notre premi\u00e8re ressource naturelle est notre intelligence. Il nous faut la mettre ensemble pour construire nos pays, nos foyers et nos milieux de vie \u00bb, a-t-il d\u00e9clar\u00e9.<\/p>\n<p>\u200e<\/p>\n<p>\u200eDans son hom\u00e9lie, le cardinal c\u00e9l\u00e9brant principal a exhort\u00e9 le nouvel \u00e9v\u00eaque \u00e0 vivre sa mission dans la fid\u00e9lit\u00e9 \u00e0 l\u2019\u00c9vangile et dans l\u2019esprit de service. Il a rappel\u00e9 que la mission d\u2019un nonce apostolique consiste \u00e0 \u00eatre le messager du pape, promoteur de la fraternit\u00e9 entre les peuples et artisan de paix et d\u2019unit\u00e9.<\/p>\n<p>\u200eN\u00e9 au Burkina Faso, Mgr Relwend\u00e9 Kisito Ou\u00e9draogo a effectu\u00e9 des \u00e9tudes en liturgie \u00e0 Rome avant d\u2019int\u00e9grer le service diplomatique du Saint-Si\u00e8ge. Pendant plus d\u2019une d\u00e9cennie, il a travaill\u00e9 \u00e0 la Secr\u00e9tairerie d\u2019\u00c9tat du Vatican.<\/p>\n<p>\u200e<\/p>\n<p>\u200eAvec cette nomination, il devient le repr\u00e9sentant diplomatique du pape aupr\u00e8s des R\u00e9publiques du Congo Brazzaville et du Gabon, o\u00f9 il aura pour mission de renforcer les relations entre l\u2019\u00c9glise catholique, les \u00c9tats et les peuples.<\/p>\n<p>\u200e<\/p>\n<p><strong>\u200eAgence d\u2019information du Burkina<\/strong><\/p>\n<p><strong>\u200eNAK\/OS\/yos<\/strong><\/p>\n","protected":false},"excerpt":{"rendered":"<p>Burkina-Cons\u00e9cration-\u00c9piscopale-Ev\u00eaque \u200e \u200eBurkina : Mgr Relwend\u00e9 Kisito Ou\u00e9draogo ordonn\u00e9 \u00e9v\u00eaque et nonce apostolique pour le Congo Brazzaville et le Gabon \u200e \u200eOuagadougou, 7 mars 2026 (AIB)-La basilique mineure Notre-Dame de Yagma a abrit\u00e9 ce samedi la cons\u00e9cration \u00e9piscopale de Monseigneur Relwend\u00e9 Kisito Ou\u00e9draogo, nomm\u00e9 par le pape L\u00e9on XIV Ev\u00eaque titulaire de Hilta et nonce [&hellip;]<\/p>\n","protected":false},"author":16,"featured_media":142478,"comment_status":"open","ping_status":"open","sticky":false,"template":"","format":"standard","meta":{"advanced_seo_description":"","jetpack_seo_html_title":"","jetpack_seo_noindex":false,"jetpack_post_was_ever_published":false,"footnotes":""},"categories":[55,173,80,93,790,203,38],"tags":[],"class_list":{"0":"post-142477","1":"post","2":"type-post","3":"status-publish","4":"format-standard","5":"has-post-thumbnail","7":"category-afrique","8":"category-depeches","9":"category-dossiers","10":"category-flashinfos","11":"category-international","12":"category-la-une-aib","13":"category-politique"},"jetpack_featured_media_url":"https:\/\/i0.wp.com\/www.aib.media\/wp-content\/uploads\/2026\/03\/IMG-20260307-WA0060.jpg?fit=1600%2C1066&ssl=1","jetpack_shortlink":"https:\/\/wp.me\/pavbHe-B41","_links":{"self":[{"href":"https:\/\/www.aib.media\/index.php?rest_route=\/wp\/v2\/posts\/142477","targetHints":{"allow":["GET"]}}],"collection":[{"href":"https:\/\/www.aib.media\/index.php?rest_route=\/wp\/v2\/posts"}],"about":[{"href":"https:\/\/www.aib.media\/index.php?rest_route=\/wp\/v2\/types\/post"}],"author":[{"embeddable":true,"href":"https:\/\/www.aib.media\/index.php?rest_route=\/wp\/v2\/users\/16"}],"replies":[{"embeddable":true,"href":"https:\/\/www.aib.media\/index.php?rest_route=%2Fwp%2Fv2%2Fcomments&post=142477"}],"version-history":[{"count":1,"href":"https:\/\/www.aib.media\/index.php?rest_route=\/wp\/v2\/posts\/142477\/revisions"}],"predecessor-version":[{"id":142479,"href":"https:\/\/www.aib.media\/index.php?rest_route=\/wp\/v2\/posts\/142477\/revisions\/142479"}],"wp:featuredmedia":[{"embeddable":true,"href":"https:\/\/www.aib.media\/index.php?rest_route=\/wp\/v2\/media\/142478"}],"wp:attachment":[{"href":"https:\/\/www.aib.media\/index.php?rest_route=%2Fwp%2Fv2%2Fmedia&parent=142477"}],"wp:term":[{"taxonomy":"category","embeddable":true,"href":"https:\/\/www.aib.media\/index.php?rest_route=%2Fwp%2Fv2%2Fcategories&post=142477"},{"taxonomy":"post_tag","embeddable":true,"href":"https:\/\/www.aib.media\/index.php?rest_route=%2Fwp%2Fv2%2Ftags&post=142477"}],"curies":[{"name":"wp","href":"https:\/\/api.w.org\/{rel}","templated":true}]}}