{"id":142403,"date":"2026-03-06T23:02:44","date_gmt":"2026-03-06T23:02:44","guid":{"rendered":"https:\/\/www.aib.media\/?p=142403"},"modified":"2026-03-06T23:02:44","modified_gmt":"2026-03-06T23:02:44","slug":"seno-montee-des-couleurs-le-haut-commissaire-appelle-la-population-au-civisme-fiscal-et-aux-valeurs-citoyennes","status":"publish","type":"post","link":"https:\/\/www.aib.media\/?p=142403","title":{"rendered":"S\u00e9no\/Mont\u00e9e des couleurs: Le Haut-commissaire appelle la population au civisme fiscal et aux valeurs citoyennes"},"content":{"rendered":"<p>Burkina-S\u00e9no-Mont\u00e9e-Drapeau<\/p>\n<p><strong>S\u00e9no\/Mont\u00e9e des couleurs: Le Haut-commissaire appelle la population au civisme fiscal et aux valeurs citoyennes<\/strong><\/p>\n<p><strong>Dori, 5 mars 2026 (AIB)\u2013Le Haut-commissaire de la province du S\u00e9no, Yaya Kon\u00e9, a appel\u00e9 jeudi les corps constitu\u00e9s, les Forces de d\u00e9fense et de s\u00e9curit\u00e9 (FDS) ainsi que l\u2019ensemble de la population \u00e0 faire preuve de civisme fiscal et \u00e0 promouvoir les valeurs citoyennes. Cet appel a \u00e9t\u00e9 lanc\u00e9 lors de la traditionnelle c\u00e9r\u00e9monie de mont\u00e9e des couleurs nationales, tenue dans l\u2019enceinte de la direction provinciale de l\u2019Action sociale.<\/strong><\/p>\n<p>Dans son adresse aux participants le Haut-commissaire, Yaya Kon\u00e9 a indiqu\u00e9 que le mois de mars sera marqu\u00e9 par deux \u00e9v\u00e9nements majeurs \u00e0 savoir la c\u00e9l\u00e9bration de la Journ\u00e9e internationale de la femme, le 8 mars, et l\u2019organisation de la \u00e9dition des Journ\u00e9es de l\u2019exemplarit\u00e9 fiscale.<\/p>\n<p>Prenant la parole, le repr\u00e9sentant du Directeur provincial des imp\u00f4ts (DPI), Ali Kabor\u00e9, a pr\u00e9sent\u00e9 les objectifs de ces journ\u00e9es.<\/p>\n<p>Selon lui, l\u2019initiative vise \u00e0 promouvoir la citoyennet\u00e9 fiscale et \u00e0 encourager les citoyens, notamment les agents des structures administratives et priv\u00e9es, \u00e0 s\u2019acquitter de leurs obligations fiscales personnelles.<\/p>\n<p>Il a pr\u00e9cis\u00e9 que l\u2019op\u00e9ration concerne plusieurs imp\u00f4ts, notamment la taxe de r\u00e9sidence, la taxe sur les v\u00e9hicules \u00e0 moteur, la taxe sur les armes, l\u2019imp\u00f4t sur les revenus fonciers ainsi que la contribution fonci\u00e8re sur les propri\u00e9t\u00e9s b\u00e2ties et non b\u00e2ties.<\/p>\n<p>Pour M. Kabor\u00e9, cette initiative contribuera au renforcement des recettes de l\u2019\u00c9tat et \u00e0 la consolidation de la souverainet\u00e9 nationale, conform\u00e9ment au slogan : \u00ab Pour un Burkina Faso r\u00e9silient et souverain, je d\u00e9clare et je paie mes imp\u00f4ts \u00bb.<\/p>\n<p>Il a par ailleurs ajout\u00e9 que chaque structure est invit\u00e9e \u00e0 dresser la liste de son personnel et \u00e0 sensibiliser les agents afin qu\u2019ils prennent part \u00e0 cette activit\u00e9 citoyenne.<\/p>\n<p>Le Haut-commissaire a invit\u00e9 les citoyens de la province \u00e0 participer activement au mois du civisme fiscal \u00e0 travers la 4\u1d49 \u00e9dition des Journ\u00e9es de l\u2019exemplarit\u00e9 fiscale, ainsi qu\u2019aux activit\u00e9s comm\u00e9moratives de la Journ\u00e9e internationale de la femme.<\/p>\n<p>Il a \u00e9galement rendu un vibrant hommage aux Forces de d\u00e9fense et de s\u00e9curit\u00e9 et aux Volontaires pour la d\u00e9fense de la patrie (VDP) pour les sacrifices consentis dans la s\u00e9curisation de la province.<\/p>\n<p style=\"text-align: right\"><strong>Agence d\u2019information du Burkina<\/strong><br \/>\n<strong>AMM\/bak<\/strong><\/p>\n","protected":false},"excerpt":{"rendered":"<p>Burkina-S\u00e9no-Mont\u00e9e-Drapeau S\u00e9no\/Mont\u00e9e des couleurs: Le Haut-commissaire appelle la population au civisme fiscal et aux valeurs citoyennes Dori, 5 mars 2026 (AIB)\u2013Le Haut-commissaire de la province du S\u00e9no, Yaya Kon\u00e9, a appel\u00e9 jeudi les corps constitu\u00e9s, les Forces de d\u00e9fense et de s\u00e9curit\u00e9 (FDS) ainsi que l\u2019ensemble de la population \u00e0 faire preuve de civisme fiscal [&hellip;]<\/p>\n","protected":false},"author":15,"featured_media":142404,"comment_status":"open","ping_status":"open","sticky":false,"template":"","format":"standard","meta":{"advanced_seo_description":"","jetpack_seo_html_title":"","jetpack_seo_noindex":false,"jetpack_post_was_ever_published":false,"footnotes":""},"categories":[173,93,203,132],"tags":[],"class_list":{"0":"post-142403","1":"post","2":"type-post","3":"status-publish","4":"format-standard","5":"has-post-thumbnail","7":"category-depeches","8":"category-flashinfos","9":"category-la-une-aib","10":"category-seno"},"jetpack_featured_media_url":"https:\/\/i0.wp.com\/www.aib.media\/wp-content\/uploads\/2026\/03\/IMG-20260306-WA0179.jpg?fit=1040%2C468&ssl=1","jetpack_shortlink":"https:\/\/wp.me\/pavbHe-B2P","_links":{"self":[{"href":"https:\/\/www.aib.media\/index.php?rest_route=\/wp\/v2\/posts\/142403","targetHints":{"allow":["GET"]}}],"collection":[{"href":"https:\/\/www.aib.media\/index.php?rest_route=\/wp\/v2\/posts"}],"about":[{"href":"https:\/\/www.aib.media\/index.php?rest_route=\/wp\/v2\/types\/post"}],"author":[{"embeddable":true,"href":"https:\/\/www.aib.media\/index.php?rest_route=\/wp\/v2\/users\/15"}],"replies":[{"embeddable":true,"href":"https:\/\/www.aib.media\/index.php?rest_route=%2Fwp%2Fv2%2Fcomments&post=142403"}],"version-history":[{"count":1,"href":"https:\/\/www.aib.media\/index.php?rest_route=\/wp\/v2\/posts\/142403\/revisions"}],"predecessor-version":[{"id":142405,"href":"https:\/\/www.aib.media\/index.php?rest_route=\/wp\/v2\/posts\/142403\/revisions\/142405"}],"wp:featuredmedia":[{"embeddable":true,"href":"https:\/\/www.aib.media\/index.php?rest_route=\/wp\/v2\/media\/142404"}],"wp:attachment":[{"href":"https:\/\/www.aib.media\/index.php?rest_route=%2Fwp%2Fv2%2Fmedia&parent=142403"}],"wp:term":[{"taxonomy":"category","embeddable":true,"href":"https:\/\/www.aib.media\/index.php?rest_route=%2Fwp%2Fv2%2Fcategories&post=142403"},{"taxonomy":"post_tag","embeddable":true,"href":"https:\/\/www.aib.media\/index.php?rest_route=%2Fwp%2Fv2%2Ftags&post=142403"}],"curies":[{"name":"wp","href":"https:\/\/api.w.org\/{rel}","templated":true}]}}