{"id":142400,"date":"2026-03-06T17:41:35","date_gmt":"2026-03-06T17:41:35","guid":{"rendered":"https:\/\/www.aib.media\/?p=142400"},"modified":"2026-03-06T17:41:35","modified_gmt":"2026-03-06T17:41:35","slug":"sanguie-le-ministre-moumouni-zoungrana-encourage-lauto-emploi-a-reo","status":"publish","type":"post","link":"https:\/\/www.aib.media\/?p=142400","title":{"rendered":"Sangui\u00e9 : Le ministre Moumouni Zoungrana encourage l&rsquo;auto-emploi \u00e0 R\u00e9o"},"content":{"rendered":"<p>BURKINA-SANGUIE-REO-AUTO-EMPLOI-MESFPT-ENCOURAGEMENTS<\/p>\n<p>&nbsp;<\/p>\n<p><strong>Sangui\u00e9 : Le ministre Moumouni Zoungrana encourage l&rsquo;auto-emploi \u00e0 R\u00e9o<\/strong><\/p>\n<p>&nbsp;<\/p>\n<p>R\u00e9o, 6 mars 2026 (AIB)- De retour d&rsquo;une mission \u00e0 D\u00e9dougou, le Ministre de l\u2019enseignement secondaire, de la formation professionnelle et technique (MESFPT), le Pr Moumouni Zoungrana a fait escale lundi dernier, \u00e0 R\u00e9o pour encourager les jeunes \u00e0 l\u2019auto-emploi.<\/p>\n<p>&nbsp;<\/p>\n<p>L\u2019objectif de cette escale \u00e9tait de toucher du doigt les r\u00e9alit\u00e9s de deux centres de formation professionnelle qui font du combat contre le ch\u00f4mage des jeunes une priorit\u00e9 locale.<\/p>\n<p>&nbsp;<\/p>\n<p>La premi\u00e8re \u00e9tape de cette visite a conduit la d\u00e9l\u00e9gation minist\u00e9rielle au Centre d\u2019\u00e9ducation et de r\u00e9insertion socio-professionnelle (CERSP). Port\u00e9e par le Club pour la solidarit\u00e9 et le d\u00e9veloppement au Burkina, cette structure s&rsquo;est impos\u00e9e depuis 2020, comme une r\u00e9f\u00e9rence dans la province du Sangui\u00e9.<\/p>\n<p>&nbsp;<\/p>\n<p>Le centre offre des formations pratiques dans trois domaines cl\u00e9s notamment la coupe-couture ; l&rsquo;\u00e9levage, le mara\u00eechage. La particularit\u00e9 de ce centre est qu&rsquo;il int\u00e8gre l&rsquo;alphab\u00e9tisation en langue nationale ly\u00e9l\u00e9 pour permettre aux apprenants non-scolaris\u00e9s de mieux s&rsquo;approprier les modules techniques.<\/p>\n<p>&nbsp;<\/p>\n<p>\u00c0 ce jour, pr\u00e8s de 100 jeunes ont d\u00e9j\u00e0 \u00e9t\u00e9 ins\u00e9r\u00e9s dans la vie active apr\u00e8s avoir obtenu pour certains, le Certificat de qualification professionnelle (CQP).<\/p>\n<p>Le promoteur du centre, Albert Bationo, a profit\u00e9 de cette pr\u00e9sence gouvernementale pour plaider en faveur de l&rsquo;extension de sa structure, notamment par la cr\u00e9ation d&rsquo;un internat pour optimiser les conditions d&rsquo;apprentissage.<\/p>\n<p>&nbsp;<\/p>\n<p>Le ministre Zoungrana s&rsquo;est ensuite rendu au centre de formation aux m\u00e9tiers \u00ab Yi-Jan \u00bb, une initiative de l\u2019association f\u00e9minine \u00ab Yi-bula \u00bb. Sur place, il a pu constater la d\u00e9termination de ces femmes qui \u0153uvrent pour l&rsquo;acquisition de comp\u00e9tences techniques concr\u00e8tes. \u00ab Je salue l&rsquo;engagement de ces acteurs locaux. Leur contribution est d\u00e9terminante pour la dynamique de formation et l\u2019autonomisation \u00e9conomique dans la province du Sangui\u00e9 \u00bb, a d\u00e9clar\u00e9 le ministre en substance.<\/p>\n<p>&nbsp;<\/p>\n<p>Cette visite s&rsquo;inscrit dans la volont\u00e9 du gouvernement de soutenir les initiatives priv\u00e9es qui compl\u00e8tent l&rsquo;offre \u00e9ducative publique en mati\u00e8re de formation technique et professionnelle.<\/p>\n<p><strong>Agence d\u2019Information du Burkina<\/strong><\/p>\n<p><strong>FGB\/AS\/ATA<\/strong><\/p>\n","protected":false},"excerpt":{"rendered":"<p>BURKINA-SANGUIE-REO-AUTO-EMPLOI-MESFPT-ENCOURAGEMENTS &nbsp; Sangui\u00e9 : Le ministre Moumouni Zoungrana encourage l&rsquo;auto-emploi \u00e0 R\u00e9o &nbsp; R\u00e9o, 6 mars 2026 (AIB)- De retour d&rsquo;une mission \u00e0 D\u00e9dougou, le Ministre de l\u2019enseignement secondaire, de la formation professionnelle et technique (MESFPT), le Pr Moumouni Zoungrana a fait escale lundi dernier, \u00e0 R\u00e9o pour encourager les jeunes \u00e0 l\u2019auto-emploi. &nbsp; L\u2019objectif [&hellip;]<\/p>\n","protected":false},"author":16,"featured_media":142401,"comment_status":"open","ping_status":"open","sticky":false,"template":"","format":"standard","meta":{"advanced_seo_description":"","jetpack_seo_html_title":"","jetpack_seo_noindex":false,"jetpack_post_was_ever_published":false,"footnotes":""},"categories":[47,173,80,93,203,38,40,784,36],"tags":[],"class_list":{"0":"post-142400","1":"post","2":"type-post","3":"status-publish","4":"format-standard","5":"has-post-thumbnail","7":"category-centre-ouest","8":"category-depeches","9":"category-dossiers","10":"category-flashinfos","11":"category-la-une-aib","12":"category-politique","13":"category-regions","14":"category-sanguie","15":"category-societe"},"jetpack_featured_media_url":"https:\/\/i0.wp.com\/www.aib.media\/wp-content\/uploads\/2026\/03\/IMG-20260306-WA0123.jpg?fit=1000%2C697&ssl=1","jetpack_shortlink":"https:\/\/wp.me\/pavbHe-B2M","_links":{"self":[{"href":"https:\/\/www.aib.media\/index.php?rest_route=\/wp\/v2\/posts\/142400","targetHints":{"allow":["GET"]}}],"collection":[{"href":"https:\/\/www.aib.media\/index.php?rest_route=\/wp\/v2\/posts"}],"about":[{"href":"https:\/\/www.aib.media\/index.php?rest_route=\/wp\/v2\/types\/post"}],"author":[{"embeddable":true,"href":"https:\/\/www.aib.media\/index.php?rest_route=\/wp\/v2\/users\/16"}],"replies":[{"embeddable":true,"href":"https:\/\/www.aib.media\/index.php?rest_route=%2Fwp%2Fv2%2Fcomments&post=142400"}],"version-history":[{"count":1,"href":"https:\/\/www.aib.media\/index.php?rest_route=\/wp\/v2\/posts\/142400\/revisions"}],"predecessor-version":[{"id":142402,"href":"https:\/\/www.aib.media\/index.php?rest_route=\/wp\/v2\/posts\/142400\/revisions\/142402"}],"wp:featuredmedia":[{"embeddable":true,"href":"https:\/\/www.aib.media\/index.php?rest_route=\/wp\/v2\/media\/142401"}],"wp:attachment":[{"href":"https:\/\/www.aib.media\/index.php?rest_route=%2Fwp%2Fv2%2Fmedia&parent=142400"}],"wp:term":[{"taxonomy":"category","embeddable":true,"href":"https:\/\/www.aib.media\/index.php?rest_route=%2Fwp%2Fv2%2Fcategories&post=142400"},{"taxonomy":"post_tag","embeddable":true,"href":"https:\/\/www.aib.media\/index.php?rest_route=%2Fwp%2Fv2%2Ftags&post=142400"}],"curies":[{"name":"wp","href":"https:\/\/api.w.org\/{rel}","templated":true}]}}