{"id":142397,"date":"2026-03-06T17:36:55","date_gmt":"2026-03-06T17:36:55","guid":{"rendered":"https:\/\/www.aib.media\/?p=142397"},"modified":"2026-03-06T17:36:55","modified_gmt":"2026-03-06T17:36:55","slug":"suudu-andal-sport-60-participants-a-la-premiere-session-de-formation-en-marketing-sportif","status":"publish","type":"post","link":"https:\/\/www.aib.media\/?p=142397","title":{"rendered":"Suudu Andal Sport : 60 participants \u00e0 la premi\u00e8re session de formation en marketing sportif"},"content":{"rendered":"<p>SPORT-BFA-FORMATION-MARKETING-SUUDU-ANDAL<\/p>\n<p><strong>Suudu Andal Sport : 60 participants \u00e0 la premi\u00e8re session de formation en marketing sportif<\/strong><\/p>\n<p>&nbsp;<\/p>\n<p>Ouagadougou, 6 mars 2026 (AIB)-Le programme \u00ab Suudu andal sport \u00bb (nid du savoir sportif en langue peulh) a lanc\u00e9 vendredi \u00e0 Ouagadougou, sa premi\u00e8re session de formation de haut niveau en marketing au profit de plus de 60 participants issus des f\u00e9d\u00e9rations sportives, reconnues par le minist\u00e8re de tutelle, a constat\u00e9 l\u2019AIB.<\/p>\n<p>&nbsp;<\/p>\n<p>C\u2019est le g\u00e9niteur du programme, l\u2019Ambassadeur pour le sport, Charles Kabor\u00e9 qui a lui-m\u00eame enclench\u00e9 sa mise en \u0153uvre \u00e0 travers cette premi\u00e8re session consacr\u00e9e au marketing sportif. La c\u00e9r\u00e9monie d\u2019ouverture s\u2019est tenue au Stade du 4 Ao\u00fbt sous la pr\u00e9sidence du ministre des sports, de la jeunesse et de l\u2019emploi, Annick Pikbougoum.<\/p>\n<p>&nbsp;<\/p>\n<p>Elle a salu\u00e9 le choix du marketing sportif comme th\u00e8me inaugural de cette s\u00e9rie de formations qui va s\u2019\u00e9tendre sur toute l\u2019ann\u00e9e.<\/p>\n<p>&nbsp;<\/p>\n<p>\u00ab Cette initiative est \u00e0 la fois pertinente et strat\u00e9gique. Elle r\u00e9pond \u00e0 une n\u00e9cessit\u00e9 r\u00e9elle : celle de doter nos f\u00e9d\u00e9rations sportives et les acteurs du secteur, d\u2019outils modernes capables de renforcer leur autonomie, d\u2019am\u00e9liorer leur gouvernance et d\u2019accro\u00eetre leur attractivit\u00e9 aupr\u00e8s des partenaires \u00bb, a d\u00e9clar\u00e9 la patronne du d\u00e9partement en charge des sports.<\/p>\n<p>&nbsp;<\/p>\n<p>La formation a r\u00e9uni plus de 60 participants, parmi lesquels des responsables marketing des diff\u00e9rentes f\u00e9d\u00e9rations sportives, d\u2019anciens sportifs ainsi que des membres d\u2019autres structures du mouvement sportif national.<\/p>\n<p>&nbsp;<\/p>\n<p>Selon l\u2019Ambassadeur pour le sport, Charles Kabor\u00e9, cette initiative vise \u00e0 accompagner les f\u00e9d\u00e9rations et les acteurs sportifs du pays en renfor\u00e7ant leurs capacit\u00e9s en marketing et en gestion du sport. L\u2019objectif est de contribuer au d\u00e9veloppement, \u00e0 l\u2019autonomisation et \u00e0 la professionnalisation du sport burkinab\u00e8.<\/p>\n<p>&nbsp;<\/p>\n<p>Cette session de formation assur\u00e9e par des experts nationaux, se tiendra sur 48 heures (du 6 au 7 mars).<\/p>\n<p>&nbsp;<\/p>\n<p>Suudu andal sport est une initiative ouverte, inclusive et orient\u00e9e vers des r\u00e9sultats concrets. Elle se veut un levier de transformation durable au service de toutes les disciplines sportives burkinab\u00e8.<\/p>\n<p><strong>Agence d\u2019information du Burkina<\/strong><\/p>\n<p><strong>as\/ata<\/strong><\/p>\n","protected":false},"excerpt":{"rendered":"<p>SPORT-BFA-FORMATION-MARKETING-SUUDU-ANDAL Suudu Andal Sport : 60 participants \u00e0 la premi\u00e8re session de formation en marketing sportif &nbsp; Ouagadougou, 6 mars 2026 (AIB)-Le programme \u00ab Suudu andal sport \u00bb (nid du savoir sportif en langue peulh) a lanc\u00e9 vendredi \u00e0 Ouagadougou, sa premi\u00e8re session de formation de haut niveau en marketing au profit de plus de [&hellip;]<\/p>\n","protected":false},"author":16,"featured_media":142398,"comment_status":"open","ping_status":"open","sticky":false,"template":"","format":"standard","meta":{"advanced_seo_description":"","jetpack_seo_html_title":"","jetpack_seo_noindex":false,"jetpack_post_was_ever_published":false,"footnotes":""},"categories":[795,42,173,789,80,93,203,38,36,39],"tags":[],"class_list":{"0":"post-142397","1":"post","2":"type-post","3":"status-publish","4":"format-standard","5":"has-post-thumbnail","7":"category-business-marketing","8":"category-centre","9":"category-depeches","10":"category-developpement","11":"category-dossiers","12":"category-flashinfos","13":"category-la-une-aib","14":"category-politique","15":"category-societe","16":"category-sport"},"jetpack_featured_media_url":"https:\/\/i0.wp.com\/www.aib.media\/wp-content\/uploads\/2026\/03\/IMG-20260306-WA0117.jpg?fit=1080%2C720&ssl=1","jetpack_shortlink":"https:\/\/wp.me\/pavbHe-B2J","_links":{"self":[{"href":"https:\/\/www.aib.media\/index.php?rest_route=\/wp\/v2\/posts\/142397","targetHints":{"allow":["GET"]}}],"collection":[{"href":"https:\/\/www.aib.media\/index.php?rest_route=\/wp\/v2\/posts"}],"about":[{"href":"https:\/\/www.aib.media\/index.php?rest_route=\/wp\/v2\/types\/post"}],"author":[{"embeddable":true,"href":"https:\/\/www.aib.media\/index.php?rest_route=\/wp\/v2\/users\/16"}],"replies":[{"embeddable":true,"href":"https:\/\/www.aib.media\/index.php?rest_route=%2Fwp%2Fv2%2Fcomments&post=142397"}],"version-history":[{"count":1,"href":"https:\/\/www.aib.media\/index.php?rest_route=\/wp\/v2\/posts\/142397\/revisions"}],"predecessor-version":[{"id":142399,"href":"https:\/\/www.aib.media\/index.php?rest_route=\/wp\/v2\/posts\/142397\/revisions\/142399"}],"wp:featuredmedia":[{"embeddable":true,"href":"https:\/\/www.aib.media\/index.php?rest_route=\/wp\/v2\/media\/142398"}],"wp:attachment":[{"href":"https:\/\/www.aib.media\/index.php?rest_route=%2Fwp%2Fv2%2Fmedia&parent=142397"}],"wp:term":[{"taxonomy":"category","embeddable":true,"href":"https:\/\/www.aib.media\/index.php?rest_route=%2Fwp%2Fv2%2Fcategories&post=142397"},{"taxonomy":"post_tag","embeddable":true,"href":"https:\/\/www.aib.media\/index.php?rest_route=%2Fwp%2Fv2%2Ftags&post=142397"}],"curies":[{"name":"wp","href":"https:\/\/api.w.org\/{rel}","templated":true}]}}