{"id":142391,"date":"2026-03-06T16:57:58","date_gmt":"2026-03-06T16:57:58","guid":{"rendered":"https:\/\/www.aib.media\/?p=142391"},"modified":"2026-03-06T16:57:58","modified_gmt":"2026-03-06T16:57:58","slug":"ioba-le-trophee-deme-sira-presente-au-haut-commissaire-de-la-province","status":"publish","type":"post","link":"https:\/\/www.aib.media\/?p=142391","title":{"rendered":"Ioba : Le troph\u00e9e \u00ab D\u00e8m\u00e8 Sira \u00bb pr\u00e9sent\u00e9 au haut-commissaire de la province"},"content":{"rendered":"<p>Burkina-Ioba-Solidarit\u00e9-D\u00e8m\u00e8-Sira<\/p>\n<p><strong>Ioba : Le troph\u00e9e \u00ab D\u00e8m\u00e8 Sira \u00bb pr\u00e9sent\u00e9 au haut-commissaire de la province<\/strong><\/p>\n<p><strong>Dano, 5 mars 2026 (AIB) \u2013 L\u2019Association Nutrition et Sant\u00e9 A\u00een\u00e9s TA DAA a pr\u00e9sent\u00e9, le mercredi 4 mars 2026 \u00e0 Dano, le troph\u00e9e \u00ab D\u00e8m\u00e8 Sira \u00bb, du 7e prix du concours national des initiatives endog\u00e8nes de solidarit\u00e9 au haut-commissaire de la province du Ioba, Innocents Ouattara<\/strong><\/p>\n<p>Compos\u00e9 d\u2019un troph\u00e9e \u00ab D\u00e8m\u00e8 Sira \u00bb et d\u2019une enveloppe financi\u00e8re de six cent mille (600 000) francs CFA, ce prix a \u00e9t\u00e9 d\u00e9cern\u00e9 \u00e0 l\u2019association lors du Gala national de la solidarit\u00e9 tenu le 13 f\u00e9vrier 2026 \u00e0 Ouagadougou. La pr\u00e9sidente de l\u2019association, S\u0153ur Baonmissouan Victoria Som\u00e9, a officiellement remis le troph\u00e9e au premier responsable de la province du Ioba au cours d\u2019une c\u00e9r\u00e9monie.<\/p>\n<p>Selon le directeur provincial par int\u00e9rim de la Famille et de la Solidarit\u00e9 du Ioba, Michel Tioro, ce concours a \u00e9t\u00e9 organis\u00e9 par le minist\u00e8re en charge de la Solidarit\u00e9 dans le cadre de la campagne nationale \u00ab D\u00e8m\u00e8 Sira \u00bb afin de mettre en lumi\u00e8re les pratiques endog\u00e8nes de solidarit\u00e9.<br \/>\nParmi ces pratiques figurent l\u2019entraide communautaire, les tontines, le parrainage social et l\u2019appui aux personnes vuln\u00e9rables. Ce concours vise \u00e0 valoriser et reconna\u00eetre les initiatives endog\u00e8nes contribuant \u00e0 la coh\u00e9sion sociale, \u00e0 la r\u00e9silience communautaire et au d\u00e9veloppement local durable. Retenu parmi les trois meilleurs dossiers de la r\u00e9gion du Dj\u00f4r\u00f4, le projet de l\u2019association TA DAA a ensuite \u00e9t\u00e9 s\u00e9lectionn\u00e9 par le jury national parmi les dix meilleurs dossiers sur trente-neuf issus des 13 r\u00e9gions du Burkina Faso.<\/p>\n<p>\u00c0 l\u2019issue de la finale, l\u2019association s\u2019est class\u00e9e 7e sur le plan national. S\u0153ur Victoria Som\u00e9 a expliqu\u00e9 que l\u2019appellation TA DAA signifie \u00ab Atteindre dignement son jour de retour aupr\u00e8s du P\u00e8re \u00bb.<\/p>\n<p>L\u2019association, dont le slogan est \u00ab Le bien-\u00eatre des personnes du 3e \u00e2ge, notre engagement \u00bb, \u0153uvre \u00e0 promouvoir le bien-\u00eatre des personnes \u00e2g\u00e9es et des veuves vuln\u00e9rables dans la commune de Gu\u00e9gu\u00e9r\u00e9, province du Ioba. Elle compte actuellement soixante (60) membres.<\/p>\n<p>Le haut-commissaire de la province du Ioba, Innocents Ouattara, a exprim\u00e9 sa fiert\u00e9 de recevoir l\u2019association venue pr\u00e9senter son troph\u00e9e \u00e0 l\u2019ensemble de la province. \u00ab Je voudrais sinc\u00e8rement vous t\u00e9moigner toute notre reconnaissance pour votre engagement \u00e0 aider les personnes \u00e2g\u00e9es et \u00e0 promouvoir les valeurs endog\u00e8nes de solidarit\u00e9 dans la province du Ioba \u00bb, a-t-il d\u00e9clar\u00e9.<br \/>\nIl a souhait\u00e9 que cette distinction soit une source d\u2019inspiration pour d\u2019autres associations. \u00ab J\u2019invite les autres associations \u00e0 travailler de fa\u00e7on s\u00e9rieuse conform\u00e9ment \u00e0 leurs objectifs. Nous leur recommandons de soumettre leurs programmes d\u2019activit\u00e9s et de faire r\u00e9guli\u00e8rement leurs comptes rendus \u00bb, a-t-il ajout\u00e9.<\/p>\n<p>Cela permet \u00e0 l\u2019administration d\u2019avoir une meilleure visibilit\u00e9 des domaines d\u2019intervention de chaque structure, a-t-il soulign\u00e9. Le pr\u00e9sident du conseil provincial des personnes \u00e2g\u00e9es, Dindom\u00e8 Albert Som\u00e9, a \u00e9galement salu\u00e9 les efforts de l\u2019association TA DAA de Dahor\u00e8 pour son soutien aux personnes du 3e \u00e2ge. Selon lui, ce prix honore toute la province du Ioba et renforce la coh\u00e9sion sociale au sein des communaut\u00e9s.<\/p>\n<p style=\"text-align: right\"><strong>Agence d\u2019information du Burkina <\/strong><br \/>\n<strong>SZ-dnk<\/strong><\/p>\n","protected":false},"excerpt":{"rendered":"<p>Burkina-Ioba-Solidarit\u00e9-D\u00e8m\u00e8-Sira Ioba : Le troph\u00e9e \u00ab D\u00e8m\u00e8 Sira \u00bb pr\u00e9sent\u00e9 au haut-commissaire de la province Dano, 5 mars 2026 (AIB) \u2013 L\u2019Association Nutrition et Sant\u00e9 A\u00een\u00e9s TA DAA a pr\u00e9sent\u00e9, le mercredi 4 mars 2026 \u00e0 Dano, le troph\u00e9e \u00ab D\u00e8m\u00e8 Sira \u00bb, du 7e prix du concours national des initiatives endog\u00e8nes de solidarit\u00e9 au [&hellip;]<\/p>\n","protected":false},"author":15,"featured_media":142392,"comment_status":"open","ping_status":"open","sticky":false,"template":"","format":"standard","meta":{"advanced_seo_description":"","jetpack_seo_html_title":"","jetpack_seo_noindex":false,"jetpack_post_was_ever_published":false,"footnotes":""},"categories":[173,93,136,203],"tags":[],"class_list":{"0":"post-142391","1":"post","2":"type-post","3":"status-publish","4":"format-standard","5":"has-post-thumbnail","7":"category-depeches","8":"category-flashinfos","9":"category-ioba","10":"category-la-une-aib"},"jetpack_featured_media_url":"https:\/\/i0.wp.com\/www.aib.media\/wp-content\/uploads\/2026\/03\/IMG-20260306-WA01251.jpg?fit=1080%2C810&ssl=1","jetpack_shortlink":"https:\/\/wp.me\/pavbHe-B2D","_links":{"self":[{"href":"https:\/\/www.aib.media\/index.php?rest_route=\/wp\/v2\/posts\/142391","targetHints":{"allow":["GET"]}}],"collection":[{"href":"https:\/\/www.aib.media\/index.php?rest_route=\/wp\/v2\/posts"}],"about":[{"href":"https:\/\/www.aib.media\/index.php?rest_route=\/wp\/v2\/types\/post"}],"author":[{"embeddable":true,"href":"https:\/\/www.aib.media\/index.php?rest_route=\/wp\/v2\/users\/15"}],"replies":[{"embeddable":true,"href":"https:\/\/www.aib.media\/index.php?rest_route=%2Fwp%2Fv2%2Fcomments&post=142391"}],"version-history":[{"count":1,"href":"https:\/\/www.aib.media\/index.php?rest_route=\/wp\/v2\/posts\/142391\/revisions"}],"predecessor-version":[{"id":142393,"href":"https:\/\/www.aib.media\/index.php?rest_route=\/wp\/v2\/posts\/142391\/revisions\/142393"}],"wp:featuredmedia":[{"embeddable":true,"href":"https:\/\/www.aib.media\/index.php?rest_route=\/wp\/v2\/media\/142392"}],"wp:attachment":[{"href":"https:\/\/www.aib.media\/index.php?rest_route=%2Fwp%2Fv2%2Fmedia&parent=142391"}],"wp:term":[{"taxonomy":"category","embeddable":true,"href":"https:\/\/www.aib.media\/index.php?rest_route=%2Fwp%2Fv2%2Fcategories&post=142391"},{"taxonomy":"post_tag","embeddable":true,"href":"https:\/\/www.aib.media\/index.php?rest_route=%2Fwp%2Fv2%2Ftags&post=142391"}],"curies":[{"name":"wp","href":"https:\/\/api.w.org\/{rel}","templated":true}]}}