{"id":142388,"date":"2026-03-06T15:55:28","date_gmt":"2026-03-06T15:55:28","guid":{"rendered":"https:\/\/www.aib.media\/?p=142388"},"modified":"2026-03-06T15:55:28","modified_gmt":"2026-03-06T15:55:28","slug":"burkina-securite-le-taux-de-criminalite-en-baisse-de-785-a-723-en-2025","status":"publish","type":"post","link":"https:\/\/www.aib.media\/?p=142388","title":{"rendered":"Burkina\/S\u00e9curit\u00e9 : Le taux de criminalit\u00e9 en baisse de 7,85 % \u00e0 7,23 % en 2025"},"content":{"rendered":"<p><strong>Burkina\/S\u00e9curit\u00e9 : Le taux de criminalit\u00e9 en baisse de 7,85 % \u00e0 7,23 % en 2025<\/strong><\/p>\n<p><strong>Ouagadougou, 6 mars 2026 (AIB)-Le taux de criminalit\u00e9 au Burkina Faso est pass\u00e9 de 7,85 % \u00e0 7,23 % en 2025, soit une baisse jug\u00e9e significative, a indiqu\u00e9 vendredi \u00e0 Ouagadougou le ministre de la S\u00e9curit\u00e9, Mahamoudou Sana, lors de la premi\u00e8re session ordinaire de l\u2019ann\u00e9e 2026 du Conseil d\u2019administration du secteur minist\u00e9riel (CASEM).<\/strong><\/p>\n<p>Selon le ministre Sana, cette \u00e9volution traduit les efforts consentis par les diff\u00e9rents acteurs de son d\u00e9partement dans la lutte contre l\u2019ins\u00e9curit\u00e9 et la mise en \u0153uvre des actions pr\u00e9vues au cours de l\u2019ann\u00e9e \u00e9coul\u00e9e.<\/p>\n<p>Le rapport d\u2019activit\u00e9s arr\u00eat\u00e9 au 31 d\u00e9cembre 2025 fait \u00e9galement ressortir des performances globalement satisfaisantes. Le document indique un taux de r\u00e9alisation physique de 97,62 % des activit\u00e9s programm\u00e9es et une ex\u00e9cution financi\u00e8re estim\u00e9e \u00e0 86,95 %.<\/p>\n<p>La session a permis aux participants d\u2019\u00e9valuer les actions men\u00e9es en 2025, mais aussi d\u2019examiner le programme d\u2019activit\u00e9s pour l\u2019ann\u00e9e 2026.<\/p>\n<p>Pour cette nouvelle ann\u00e9e, le minist\u00e8re de la S\u00e9curit\u00e9 entend renforcer la synergie d\u2019actions entre les Forces de s\u00e9curit\u00e9 int\u00e9rieure, promouvoir l\u2019interop\u00e9rabilit\u00e9 des syst\u00e8mes et am\u00e9liorer la coordination des interventions afin d\u2019assurer un maillage optimal du territoire national.<\/p>\n<p>Le ministre Mahamoudou Sana a par ailleurs soulign\u00e9 que son d\u00e9partement entend placer l\u2019int\u00e9r\u00eat g\u00e9n\u00e9ral au c\u0153ur de toutes les actions pr\u00e9vues en 2026.<\/p>\n<p style=\"text-align: right\"><strong>Agence d\u2019information du Burkina<\/strong><\/p>\n","protected":false},"excerpt":{"rendered":"<p>Burkina\/S\u00e9curit\u00e9 : Le taux de criminalit\u00e9 en baisse de 7,85 % \u00e0 7,23 % en 2025 Ouagadougou, 6 mars 2026 (AIB)-Le taux de criminalit\u00e9 au Burkina Faso est pass\u00e9 de 7,85 % \u00e0 7,23 % en 2025, soit une baisse jug\u00e9e significative, a indiqu\u00e9 vendredi \u00e0 Ouagadougou le ministre de la S\u00e9curit\u00e9, Mahamoudou Sana, lors [&hellip;]<\/p>\n","protected":false},"author":15,"featured_media":142389,"comment_status":"open","ping_status":"open","sticky":false,"template":"","format":"standard","meta":{"advanced_seo_description":"","jetpack_seo_html_title":"","jetpack_seo_noindex":false,"jetpack_post_was_ever_published":false,"footnotes":""},"categories":[173,93,102,203],"tags":[],"class_list":{"0":"post-142388","1":"post","2":"type-post","3":"status-publish","4":"format-standard","5":"has-post-thumbnail","7":"category-depeches","8":"category-flashinfos","9":"category-kadiogo","10":"category-la-une-aib"},"jetpack_featured_media_url":"https:\/\/i0.wp.com\/www.aib.media\/wp-content\/uploads\/2026\/03\/IMG-20260306-WA0121.jpg?fit=1102%2C734&ssl=1","jetpack_shortlink":"https:\/\/wp.me\/pavbHe-B2A","_links":{"self":[{"href":"https:\/\/www.aib.media\/index.php?rest_route=\/wp\/v2\/posts\/142388","targetHints":{"allow":["GET"]}}],"collection":[{"href":"https:\/\/www.aib.media\/index.php?rest_route=\/wp\/v2\/posts"}],"about":[{"href":"https:\/\/www.aib.media\/index.php?rest_route=\/wp\/v2\/types\/post"}],"author":[{"embeddable":true,"href":"https:\/\/www.aib.media\/index.php?rest_route=\/wp\/v2\/users\/15"}],"replies":[{"embeddable":true,"href":"https:\/\/www.aib.media\/index.php?rest_route=%2Fwp%2Fv2%2Fcomments&post=142388"}],"version-history":[{"count":1,"href":"https:\/\/www.aib.media\/index.php?rest_route=\/wp\/v2\/posts\/142388\/revisions"}],"predecessor-version":[{"id":142390,"href":"https:\/\/www.aib.media\/index.php?rest_route=\/wp\/v2\/posts\/142388\/revisions\/142390"}],"wp:featuredmedia":[{"embeddable":true,"href":"https:\/\/www.aib.media\/index.php?rest_route=\/wp\/v2\/media\/142389"}],"wp:attachment":[{"href":"https:\/\/www.aib.media\/index.php?rest_route=%2Fwp%2Fv2%2Fmedia&parent=142388"}],"wp:term":[{"taxonomy":"category","embeddable":true,"href":"https:\/\/www.aib.media\/index.php?rest_route=%2Fwp%2Fv2%2Fcategories&post=142388"},{"taxonomy":"post_tag","embeddable":true,"href":"https:\/\/www.aib.media\/index.php?rest_route=%2Fwp%2Fv2%2Ftags&post=142388"}],"curies":[{"name":"wp","href":"https:\/\/api.w.org\/{rel}","templated":true}]}}