{"id":142382,"date":"2026-03-06T15:24:15","date_gmt":"2026-03-06T15:24:15","guid":{"rendered":"https:\/\/www.aib.media\/?p=142382"},"modified":"2026-03-06T15:24:15","modified_gmt":"2026-03-06T15:24:15","slug":"koro-un-jardin-scolaire-pour-contribuer-a-lamelioration-de-la-cantine-des-apprenants","status":"publish","type":"post","link":"https:\/\/www.aib.media\/?p=142382","title":{"rendered":"Koro : un jardin scolaire pour contribuer \u00e0 l&rsquo;am\u00e9lioration de la cantine des apprenants"},"content":{"rendered":"<p><strong>Koro : un jardin scolaire pour contribuer \u00e0 l&rsquo;am\u00e9lioration de la cantine des apprenants<\/strong><\/p>\n<p><strong>Zogor\u00e9, 6 mars 2026 (AIB)- L&rsquo;\u00e9cole primaire publique bilingue de Koro \u00e0 travers son jardin scolaire s\u2019est engag\u00e9e dans l&rsquo;am\u00e9lioration de la cantine des \u00e9l\u00e8ves et \u00e0 la promotion de la consommation locale, conform\u00e9ment aux orientations du d\u00e9partement en charge de l\u2019\u00e9ducation, a constat\u00e9 l\u2019AIB.<\/strong><\/p>\n<p>Le jardin scolaire de l&rsquo;\u00e9cole primaire publique bilingue de Koro est une r\u00e9alit\u00e9 tangible et un motif de satisfaction pour l&rsquo;administration scolaire et les apprenants. Sous l&rsquo;impulsion de la direction de l\u2019\u00e9cole et du conseil de l&rsquo;\u00e9cole, l&rsquo;\u00e9tablissement a mis en valeur un espace agricole r\u00e9pondant aux attentes des autorit\u00e9s \u00e9ducatives.<\/p>\n<p>Cette initiative s&rsquo;inscrit dans la dynamique nationale de promotion et de valorisation de la cantine endog\u00e8ne \u00e0 travers les champs et jardins scolaires. Sur le p\u00e9rim\u00e8tre, \u00e9l\u00e8ves, membres du conseil d\u2019\u00e9cole et enseignants s\u2019activent depuis la rentr\u00e9e \u00e0 cultiver et \u00e0 entretenir essentiellement des oignons verts, des tomates, et les r\u00e9coltes servent \u00e0 alimenter la cantine scolaire.<\/p>\n<p>\u00ab Malgr\u00e9 les difficult\u00e9s et la pr\u00e9carit\u00e9 des ressources, la communaut\u00e9 \u00e9ducative de l&rsquo;\u00e9cole primaire publique bilingue de Koro est d\u00e9termin\u00e9e pour la r\u00e9ussite des innovations en milieu scolaire \u00bb, soutient le directeur de l\u2019\u00e9cole Idrissa Banda.<\/p>\n<p><strong>Agence d&rsquo;information du Burkina <\/strong><br \/>\n<strong>ab\/pn\/as\/ata<\/strong><\/p>\n","protected":false},"excerpt":{"rendered":"<p>Koro : un jardin scolaire pour contribuer \u00e0 l&rsquo;am\u00e9lioration de la cantine des apprenants Zogor\u00e9, 6 mars 2026 (AIB)- L&rsquo;\u00e9cole primaire publique bilingue de Koro \u00e0 travers son jardin scolaire s\u2019est engag\u00e9e dans l&rsquo;am\u00e9lioration de la cantine des \u00e9l\u00e8ves et \u00e0 la promotion de la consommation locale, conform\u00e9ment aux orientations du d\u00e9partement en charge de [&hellip;]<\/p>\n","protected":false},"author":16,"featured_media":142383,"comment_status":"open","ping_status":"open","sticky":false,"template":"","format":"standard","meta":{"advanced_seo_description":"","jetpack_seo_html_title":"","jetpack_seo_noindex":false,"jetpack_post_was_ever_published":false,"footnotes":""},"categories":[109,47,173,789,80,93,203,38,40,36],"tags":[],"class_list":{"0":"post-142382","1":"post","2":"type-post","3":"status-publish","4":"format-standard","5":"has-post-thumbnail","7":"category-boulkiemde","8":"category-centre-ouest","9":"category-depeches","10":"category-developpement","11":"category-dossiers","12":"category-flashinfos","13":"category-la-une-aib","14":"category-politique","15":"category-regions","16":"category-societe"},"jetpack_featured_media_url":"https:\/\/i0.wp.com\/www.aib.media\/wp-content\/uploads\/2026\/03\/3-13.jpeg?fit=1080%2C809&ssl=1","jetpack_shortlink":"https:\/\/wp.me\/pavbHe-B2u","_links":{"self":[{"href":"https:\/\/www.aib.media\/index.php?rest_route=\/wp\/v2\/posts\/142382","targetHints":{"allow":["GET"]}}],"collection":[{"href":"https:\/\/www.aib.media\/index.php?rest_route=\/wp\/v2\/posts"}],"about":[{"href":"https:\/\/www.aib.media\/index.php?rest_route=\/wp\/v2\/types\/post"}],"author":[{"embeddable":true,"href":"https:\/\/www.aib.media\/index.php?rest_route=\/wp\/v2\/users\/16"}],"replies":[{"embeddable":true,"href":"https:\/\/www.aib.media\/index.php?rest_route=%2Fwp%2Fv2%2Fcomments&post=142382"}],"version-history":[{"count":1,"href":"https:\/\/www.aib.media\/index.php?rest_route=\/wp\/v2\/posts\/142382\/revisions"}],"predecessor-version":[{"id":142384,"href":"https:\/\/www.aib.media\/index.php?rest_route=\/wp\/v2\/posts\/142382\/revisions\/142384"}],"wp:featuredmedia":[{"embeddable":true,"href":"https:\/\/www.aib.media\/index.php?rest_route=\/wp\/v2\/media\/142383"}],"wp:attachment":[{"href":"https:\/\/www.aib.media\/index.php?rest_route=%2Fwp%2Fv2%2Fmedia&parent=142382"}],"wp:term":[{"taxonomy":"category","embeddable":true,"href":"https:\/\/www.aib.media\/index.php?rest_route=%2Fwp%2Fv2%2Fcategories&post=142382"},{"taxonomy":"post_tag","embeddable":true,"href":"https:\/\/www.aib.media\/index.php?rest_route=%2Fwp%2Fv2%2Ftags&post=142382"}],"curies":[{"name":"wp","href":"https:\/\/api.w.org\/{rel}","templated":true}]}}