{"id":142264,"date":"2026-03-05T14:06:04","date_gmt":"2026-03-05T14:06:04","guid":{"rendered":"https:\/\/www.aib.media\/?p=142264"},"modified":"2026-03-05T14:06:04","modified_gmt":"2026-03-05T14:06:04","slug":"koosin-des-enseignants-renforcent-leurs-capacites-sur-la-resolution-du-probleme-en-mathematiques-au-cours-moyen","status":"publish","type":"post","link":"https:\/\/www.aib.media\/?p=142264","title":{"rendered":"Koosin : Des enseignants renforcent leurs capacit\u00e9s sur la r\u00e9solution du probl\u00e8me en math\u00e9matiques au cours moyen"},"content":{"rendered":"<p>BURKINA-KOOSIN-EDUCATION-FORMATION<\/p>\n<p><strong>Koosin : Des enseignants renforcent leurs capacit\u00e9s sur la r\u00e9solution du probl\u00e8me en math\u00e9matiques au cours moyen<\/strong><\/p>\n<p>Bourasso, 4 mars 2026 (AIB)-Des enseignants de la Circonscription d\u2019\u00e9ducation de base (CEB) de Bourasso, renforcent leurs capacit\u00e9s, ce mercredi 4 mars 2026, sur la r\u00e9solution du probl\u00e8me en math\u00e9matiques au cours moyen, en pr\u00e9sence du directeur provincial en charge de l&rsquo;Education primaire, Fr\u00e9d\u00e9ric Nindamou Y\u00e9houn.<\/p>\n<p>Les enseignants de la Circonscription d\u2019\u00e9ducation de base (CEB) de Bourasso, se sont retrouv\u00e9s \u00e0 Bourasso pour \u00e9changer et partager les exp\u00e9riences en mati\u00e8re de r\u00e9solution de probl\u00e8me.<\/p>\n<p>L\u2019enseignant de la classe de CM2, Harouna Ou\u00e9draogo, a pr\u00e9sent\u00e9 une le\u00e7on portant sur la r\u00e9solution du probl\u00e8me.<\/p>\n<p>Apr\u00e8s la pr\u00e9sentation de la le\u00e7on, les plus exp\u00e9riment\u00e9s ont partag\u00e9 leur connaissance en la mati\u00e8re.<\/p>\n<p>Les \u00e9changes ont permis de s&rsquo;accorder sur une m\u00e9thode appropri\u00e9e de r\u00e9solution du probl\u00e8me en math\u00e9matiques.<\/p>\n<p>Selon le Chef de la circonscription, Malick Sidib\u00e9, le mythe qui se trouve autour du probl\u00e8me, doit \u00eatre bris\u00e9 pour un meilleur apprentissage.<\/p>\n<p>A travers des questions r\u00e9ponses, les participants se sont bien familiaris\u00e9s sur la technique de r\u00e9solution du probl\u00e8me.<\/p>\n<p>Apr\u00e8s la s\u00e9ance des critiques, les questions administratives ont \u00e9t\u00e9 soulev\u00e9es et des perspectives de solutions sont en cours.<\/p>\n<p>Le directeur provincial en charge de l&rsquo;Education primaire, Fr\u00e9d\u00e9ric Nindamou Y\u00e9houn, s\u2019est dit satisfait de l&rsquo;engagement des enseignants pour les sacrifices consentis pour la nation.<\/p>\n<p>Les enseignants ont appris l&rsquo;hymne national en dioula pour cl\u00f4turer la formation.<\/p>\n<p><strong>Agence d\u2019information du Burkina<\/strong><\/p>\n<p><strong>KK\/AC\/HB\/OO<\/strong><\/p>\n","protected":false},"excerpt":{"rendered":"<p>BURKINA-KOOSIN-EDUCATION-FORMATION Koosin : Des enseignants renforcent leurs capacit\u00e9s sur la r\u00e9solution du probl\u00e8me en math\u00e9matiques au cours moyen Bourasso, 4 mars 2026 (AIB)-Des enseignants de la Circonscription d\u2019\u00e9ducation de base (CEB) de Bourasso, renforcent leurs capacit\u00e9s, ce mercredi 4 mars 2026, sur la r\u00e9solution du probl\u00e8me en math\u00e9matiques au cours moyen, en pr\u00e9sence du directeur [&hellip;]<\/p>\n","protected":false},"author":16,"featured_media":142267,"comment_status":"open","ping_status":"open","sticky":false,"template":"","format":"standard","meta":{"advanced_seo_description":"","jetpack_seo_html_title":"","jetpack_seo_noindex":false,"jetpack_post_was_ever_published":false,"footnotes":""},"categories":[43,173,80,93,96,203,38,40],"tags":[],"class_list":{"0":"post-142264","1":"post","2":"type-post","3":"status-publish","4":"format-standard","5":"has-post-thumbnail","7":"category-boucle-du-mouhoun","8":"category-depeches","9":"category-dossiers","10":"category-flashinfos","11":"category-kossi","12":"category-la-une-aib","13":"category-politique","14":"category-regions"},"jetpack_featured_media_url":"https:\/\/i0.wp.com\/www.aib.media\/wp-content\/uploads\/2026\/03\/IMG-20260305-WA0039.jpg?fit=1016%2C762&ssl=1","jetpack_shortlink":"https:\/\/wp.me\/pavbHe-B0A","_links":{"self":[{"href":"https:\/\/www.aib.media\/index.php?rest_route=\/wp\/v2\/posts\/142264","targetHints":{"allow":["GET"]}}],"collection":[{"href":"https:\/\/www.aib.media\/index.php?rest_route=\/wp\/v2\/posts"}],"about":[{"href":"https:\/\/www.aib.media\/index.php?rest_route=\/wp\/v2\/types\/post"}],"author":[{"embeddable":true,"href":"https:\/\/www.aib.media\/index.php?rest_route=\/wp\/v2\/users\/16"}],"replies":[{"embeddable":true,"href":"https:\/\/www.aib.media\/index.php?rest_route=%2Fwp%2Fv2%2Fcomments&post=142264"}],"version-history":[{"count":1,"href":"https:\/\/www.aib.media\/index.php?rest_route=\/wp\/v2\/posts\/142264\/revisions"}],"predecessor-version":[{"id":142268,"href":"https:\/\/www.aib.media\/index.php?rest_route=\/wp\/v2\/posts\/142264\/revisions\/142268"}],"wp:featuredmedia":[{"embeddable":true,"href":"https:\/\/www.aib.media\/index.php?rest_route=\/wp\/v2\/media\/142267"}],"wp:attachment":[{"href":"https:\/\/www.aib.media\/index.php?rest_route=%2Fwp%2Fv2%2Fmedia&parent=142264"}],"wp:term":[{"taxonomy":"category","embeddable":true,"href":"https:\/\/www.aib.media\/index.php?rest_route=%2Fwp%2Fv2%2Fcategories&post=142264"},{"taxonomy":"post_tag","embeddable":true,"href":"https:\/\/www.aib.media\/index.php?rest_route=%2Fwp%2Fv2%2Ftags&post=142264"}],"curies":[{"name":"wp","href":"https:\/\/api.w.org\/{rel}","templated":true}]}}