{"id":142263,"date":"2026-03-05T14:05:29","date_gmt":"2026-03-05T14:05:29","guid":{"rendered":"https:\/\/www.aib.media\/?p=142263"},"modified":"2026-03-05T14:05:29","modified_gmt":"2026-03-05T14:05:29","slug":"burkina-le-colonel-issa-yaguibou-prend-le-commandement-de-la-gendarmerie-ouagadougou-5-mars-2026-aib","status":"publish","type":"post","link":"https:\/\/www.aib.media\/?p=142263","title":{"rendered":"Burkina : Le Colonel Issa Yaguibou prend le commandement de la gendarmerie  Ouagadougou, 5 mars 2026 (AIB) \u2013"},"content":{"rendered":"<p><strong>Burkina : Le Colonel Issa Yaguibou prend le commandement de la gendarmerie<\/strong><\/p>\n<p><strong>Ouagadougou, 5 mars 2026 (AIB) \u2013 L\u2019officier des Forces arm\u00e9es nationales, le Colonel Yaguibou Issa, nomm\u00e9 le 26 f\u00e9vrier 2026 Chef d\u2019\u00c9tat-major de la gendarmerie, a officiellement pris le commandement de l\u2019institution mardi \u00e0 Ouagadougou, a constat\u00e9 l\u2019AIB.<\/strong><\/p>\n<p>Titulaire de plusieurs dipl\u00f4mes militaires sup\u00e9rieurs, dont ceux du Cours sup\u00e9rieur de gendarmerie, du Cours d\u2019\u00c9tat-major et de l\u2019\u00c9cole de guerre au Maroc. Il d\u00e9tient \u00e9galement une licence en droit et un master en d\u00e9fense et s\u00e9curit\u00e9.<\/p>\n<p>Au cours de sa carri\u00e8re, il a occup\u00e9 plusieurs postes de commandement, notamment commandant de compagnies de gendarmerie, commandant d\u2019escadrons et commandant du groupement mobile de Bobo-Dioulasso.<br \/>\nLe colonel Yaguibou a \u00e9galement particip\u00e9 \u00e0 des missions internationales de paix au Darfour et en Guin\u00e9e-Bissau.<br \/>\nN\u00e9 le 31 mai 1980 \u00e0 P\u00f4, le nouveau patron de la gendarmerie est un officier form\u00e9 au Prytan\u00e9e militaire du Kadiogo puis \u00e0 l\u2019Acad\u00e9mie militaire Georges Namoano de P\u00f4, d\u2019o\u00f9 il est sorti sous-lieutenant en 2003.<\/p>\n<p>Il remplace \u00e0 ce poste, le colonel Kouagri Natama, \u00e0 la t\u00eate de la gendarmerie nationale depuis octobre 2023.<\/p>\n<p style=\"text-align: right\"><strong>Agence d\u2019information du Burkina.<\/strong><\/p>\n","protected":false},"excerpt":{"rendered":"<p>Burkina : Le Colonel Issa Yaguibou prend le commandement de la gendarmerie Ouagadougou, 5 mars 2026 (AIB) \u2013 L\u2019officier des Forces arm\u00e9es nationales, le Colonel Yaguibou Issa, nomm\u00e9 le 26 f\u00e9vrier 2026 Chef d\u2019\u00c9tat-major de la gendarmerie, a officiellement pris le commandement de l\u2019institution mardi \u00e0 Ouagadougou, a constat\u00e9 l\u2019AIB. Titulaire de plusieurs dipl\u00f4mes militaires [&hellip;]<\/p>\n","protected":false},"author":15,"featured_media":142265,"comment_status":"open","ping_status":"open","sticky":false,"template":"","format":"standard","meta":{"advanced_seo_description":"","jetpack_seo_html_title":"","jetpack_seo_noindex":false,"jetpack_post_was_ever_published":false,"footnotes":""},"categories":[173,93,102,203],"tags":[],"class_list":{"0":"post-142263","1":"post","2":"type-post","3":"status-publish","4":"format-standard","5":"has-post-thumbnail","7":"category-depeches","8":"category-flashinfos","9":"category-kadiogo","10":"category-la-une-aib"},"jetpack_featured_media_url":"https:\/\/i0.wp.com\/www.aib.media\/wp-content\/uploads\/2026\/03\/IMG-20260305-WA0114.jpg?fit=1600%2C1431&ssl=1","jetpack_shortlink":"https:\/\/wp.me\/pavbHe-B0z","_links":{"self":[{"href":"https:\/\/www.aib.media\/index.php?rest_route=\/wp\/v2\/posts\/142263","targetHints":{"allow":["GET"]}}],"collection":[{"href":"https:\/\/www.aib.media\/index.php?rest_route=\/wp\/v2\/posts"}],"about":[{"href":"https:\/\/www.aib.media\/index.php?rest_route=\/wp\/v2\/types\/post"}],"author":[{"embeddable":true,"href":"https:\/\/www.aib.media\/index.php?rest_route=\/wp\/v2\/users\/15"}],"replies":[{"embeddable":true,"href":"https:\/\/www.aib.media\/index.php?rest_route=%2Fwp%2Fv2%2Fcomments&post=142263"}],"version-history":[{"count":1,"href":"https:\/\/www.aib.media\/index.php?rest_route=\/wp\/v2\/posts\/142263\/revisions"}],"predecessor-version":[{"id":142266,"href":"https:\/\/www.aib.media\/index.php?rest_route=\/wp\/v2\/posts\/142263\/revisions\/142266"}],"wp:featuredmedia":[{"embeddable":true,"href":"https:\/\/www.aib.media\/index.php?rest_route=\/wp\/v2\/media\/142265"}],"wp:attachment":[{"href":"https:\/\/www.aib.media\/index.php?rest_route=%2Fwp%2Fv2%2Fmedia&parent=142263"}],"wp:term":[{"taxonomy":"category","embeddable":true,"href":"https:\/\/www.aib.media\/index.php?rest_route=%2Fwp%2Fv2%2Fcategories&post=142263"},{"taxonomy":"post_tag","embeddable":true,"href":"https:\/\/www.aib.media\/index.php?rest_route=%2Fwp%2Fv2%2Ftags&post=142263"}],"curies":[{"name":"wp","href":"https:\/\/api.w.org\/{rel}","templated":true}]}}