{"id":142251,"date":"2026-03-05T13:24:59","date_gmt":"2026-03-05T13:24:59","guid":{"rendered":"https:\/\/www.aib.media\/?p=142251"},"modified":"2026-03-05T13:24:59","modified_gmt":"2026-03-05T13:24:59","slug":"nahouri-journees-de-lexemplarite-fiscale-le-haut-commissaire-invite-la-population-a-payer-ses-taxes-personnelles","status":"publish","type":"post","link":"https:\/\/www.aib.media\/?p=142251","title":{"rendered":"Nahouri\/Journ\u00e9es de l&rsquo;exemplarit\u00e9 fiscale : Le Haut-commissaire invite la population \u00e0 payer ses taxes personnelles"},"content":{"rendered":"<p>BURKINA-NAHOURI-ECONOMIE<\/p>\n<p><strong>Nahouri\/Journ\u00e9es de l&rsquo;exemplarit\u00e9 fiscale : Le Haut-commissaire invite la population \u00e0 payer ses taxes personnelles<\/strong><\/p>\n<p>P\u00f4, 3 mars 2025 (AIB) Le Haut-commissaire de la province du Nahouri, Si\u00e9 Aristide Mohamed Kam, a lanc\u00e9, ce mardi 3 mars 2026, les \u00ab Journ\u00e9es de l&rsquo;exemplarit\u00e9 fiscale \u00bb \u00e0 P\u00f4, marquant le d\u00e9but d&rsquo;une campagne intensive de mobilisation des ressources endog\u00e8nes. Il a invit\u00e9 la population \u00e0 payer ses taxes personnelles afin de permettre \u00e0 l&rsquo;Etat de r\u00e9aliser des infrastructures de qualit\u00e9.<\/p>\n<p>Selon le directeur provincial des Imp\u00f4ts du Nahouri, San Drissa Traor\u00e9, ces journ\u00e9es visent, \u00e0 mobiliser les ressources par un consentement \u00e0 l&rsquo;imp\u00f4t par le citoyen, d\u00e9velopper des pratiques qui participent \u00e0 la contribution d&rsquo;une culture de civisme fiscale, r\u00e9tablir et maintenir la confiance entre gouvern\u00e9s et gouvernants.<\/p>\n<p>Pour joindre l&rsquo;acte \u00e0 la parole, le Haut-commissaire de la province du Nahouri, Si\u00e9 Aristide Mohamed Kam et sa d\u00e9l\u00e9gation ont \u00e9t\u00e9 les premiers \u00e0 passer \u00e0 la caisse.<\/p>\n<p>Ils se sont acquitt\u00e9s de leurs obligations fiscales, notamment la Taxe de r\u00e9sidence (TR) et la Taxe sur les v\u00e9hicules \u00e0 moteur (TVM).<\/p>\n<p>\u00ab J&rsquo;invite la population \u00e0 payer leurs taxes personnelles, car c&rsquo;est cette mobilisation endog\u00e8ne qui permettra \u00e0 l&rsquo;Etat de r\u00e9aliser des infrastructures de qualit\u00e9 \u00bb, a d\u00e9clar\u00e9 Si\u00e9 Aristide Mohamed Kam, apr\u00e8s son passage au guichet.<\/p>\n<p>Durant tout ce mois d\u00e9di\u00e9 \u00e0 l&rsquo;exemplarit\u00e9 fiscale, les \u00e9quipes de la Direction provinciale resteront mobilis\u00e9es pour faciliter les proc\u00e9dures et accueillir les contribuables.<\/p>\n<p>Le directeur provincial des Imp\u00f4ts du Nahouri, a soulign\u00e9 que tout est mis en \u0153uvre pour permettre \u00e0 chaque citoyen de s&rsquo;acquitter de ses imp\u00f4ts et taxes dans les meilleures conditions.<\/p>\n<p>Il convient de rappeler que ces journ\u00e9es ont \u00e9t\u00e9 institu\u00e9es sur l&rsquo;ensemble du territoire national par un arr\u00eat\u00e9 minist\u00e9riel en juin 2024, sous l&rsquo;\u00e9gide du minist\u00e8re de l&rsquo;Economie et des finances, afin de renforcer l&rsquo;autonomie financi\u00e8re du Burkina Faso.<\/p>\n<p><strong>Agence d\u2019information du Burkina<\/strong><\/p>\n<p><strong>HKO\/HB\/OO<\/strong><\/p>\n","protected":false},"excerpt":{"rendered":"<p>BURKINA-NAHOURI-ECONOMIE Nahouri\/Journ\u00e9es de l&rsquo;exemplarit\u00e9 fiscale : Le Haut-commissaire invite la population \u00e0 payer ses taxes personnelles P\u00f4, 3 mars 2025 (AIB) Le Haut-commissaire de la province du Nahouri, Si\u00e9 Aristide Mohamed Kam, a lanc\u00e9, ce mardi 3 mars 2026, les \u00ab Journ\u00e9es de l&rsquo;exemplarit\u00e9 fiscale \u00bb \u00e0 P\u00f4, marquant le d\u00e9but d&rsquo;une campagne intensive de [&hellip;]<\/p>\n","protected":false},"author":16,"featured_media":142252,"comment_status":"open","ping_status":"open","sticky":false,"template":"","format":"standard","meta":{"advanced_seo_description":"","jetpack_seo_html_title":"","jetpack_seo_noindex":false,"jetpack_post_was_ever_published":false,"footnotes":""},"categories":[48,173,789,80,37,93,203,114,38,40],"tags":[],"class_list":{"0":"post-142251","1":"post","2":"type-post","3":"status-publish","4":"format-standard","5":"has-post-thumbnail","7":"category-centre-sud","8":"category-depeches","9":"category-developpement","10":"category-dossiers","11":"category-economie","12":"category-flashinfos","13":"category-la-une-aib","14":"category-nahouri","15":"category-politique","16":"category-regions"},"jetpack_featured_media_url":"https:\/\/i0.wp.com\/www.aib.media\/wp-content\/uploads\/2026\/03\/IMG-20260305-WA0022.jpg?fit=1052%2C592&ssl=1","jetpack_shortlink":"https:\/\/wp.me\/pavbHe-B0n","_links":{"self":[{"href":"https:\/\/www.aib.media\/index.php?rest_route=\/wp\/v2\/posts\/142251","targetHints":{"allow":["GET"]}}],"collection":[{"href":"https:\/\/www.aib.media\/index.php?rest_route=\/wp\/v2\/posts"}],"about":[{"href":"https:\/\/www.aib.media\/index.php?rest_route=\/wp\/v2\/types\/post"}],"author":[{"embeddable":true,"href":"https:\/\/www.aib.media\/index.php?rest_route=\/wp\/v2\/users\/16"}],"replies":[{"embeddable":true,"href":"https:\/\/www.aib.media\/index.php?rest_route=%2Fwp%2Fv2%2Fcomments&post=142251"}],"version-history":[{"count":1,"href":"https:\/\/www.aib.media\/index.php?rest_route=\/wp\/v2\/posts\/142251\/revisions"}],"predecessor-version":[{"id":142253,"href":"https:\/\/www.aib.media\/index.php?rest_route=\/wp\/v2\/posts\/142251\/revisions\/142253"}],"wp:featuredmedia":[{"embeddable":true,"href":"https:\/\/www.aib.media\/index.php?rest_route=\/wp\/v2\/media\/142252"}],"wp:attachment":[{"href":"https:\/\/www.aib.media\/index.php?rest_route=%2Fwp%2Fv2%2Fmedia&parent=142251"}],"wp:term":[{"taxonomy":"category","embeddable":true,"href":"https:\/\/www.aib.media\/index.php?rest_route=%2Fwp%2Fv2%2Fcategories&post=142251"},{"taxonomy":"post_tag","embeddable":true,"href":"https:\/\/www.aib.media\/index.php?rest_route=%2Fwp%2Fv2%2Ftags&post=142251"}],"curies":[{"name":"wp","href":"https:\/\/api.w.org\/{rel}","templated":true}]}}