{"id":142248,"date":"2026-03-05T13:21:01","date_gmt":"2026-03-05T13:21:01","guid":{"rendered":"https:\/\/www.aib.media\/?p=142248"},"modified":"2026-03-05T13:21:01","modified_gmt":"2026-03-05T13:21:01","slug":"burkina-fito-2026-le-comite-dorganisation-echange-avec-le-president-de-la-commission-nationale-de-la-confederation-des-etats-du-sahel","status":"publish","type":"post","link":"https:\/\/www.aib.media\/?p=142248","title":{"rendered":"Burkina\/FITO 2026 : Le comit\u00e9 d\u2019organisation \u00e9change avec le pr\u00e9sident de la Commission nationale de la Conf\u00e9d\u00e9ration des \u00c9tats du Sahel"},"content":{"rendered":"<p>BURKINA-CULTURE-FITO-\u00c9CHANGES<\/p>\n<p><strong>Burkina\/FITO 2026 : Le comit\u00e9 d\u2019organisation \u00e9change avec le pr\u00e9sident de la Commission nationale de la Conf\u00e9d\u00e9ration des \u00c9tats du Sahel<\/strong><\/p>\n<p>Ouagadougou, 5 mars 2026 (AIB) \u2013 Le comit\u00e9 d\u2019organisation de la 4e \u00e9dition du Festival international des instruments et danses traditionnels de Ouagadougou (FITO) a \u00e9chang\u00e9, mercredi soir, avec le pr\u00e9sident de la Commission nationale de la Conf\u00e9d\u00e9ration des \u00c9tats du Sahel (CN-CES), Bassolma Bazi\u00e9, autour de l\u2019\u00e9v\u00e8nement culturel qui se tiendra du 22 au 24 mai prochain dans la capitale burkinab\u00e8.<\/p>\n<p>Plac\u00e9e sous le th\u00e8me \u00ab Instruments de musique traditionnelle, facteurs de promotion de la coh\u00e9sion sociale et de la paix \u00bb, cette \u00e9dition vise \u00e0 promouvoir les valeurs culturelles et le vivre-ensemble.<\/p>\n<p>Le pr\u00e9sident du comit\u00e9 d\u2019organisation de la 4e \u00e9dition du FITO, Dji Marc Koussoub\u00e9, et sa d\u00e9l\u00e9gation ont \u00e9t\u00e9 re\u00e7us en audience, le mercredi 4 mars 2026, par le pr\u00e9sident de la Commission nationale de la Conf\u00e9d\u00e9ration des \u00c9tats du Sahel (CN-CES), Bassolma Bazi\u00e9, entour\u00e9 de ses proches collaborateurs, notamment son vice-pr\u00e9sident et son directeur de cabinet.<\/p>\n<p>M. Koussoub\u00e9 et sa d\u00e9l\u00e9gation sont venus pr\u00e9senter les grandes articulations de cette 4e \u00e9dition du Festival international des instruments et danses traditionnels de Ouagadougou (FITO), pr\u00e9vue du 22 au 24 mai 2026 au Mus\u00e9e national de Ouagadougou.<\/p>\n<p>Selon le pr\u00e9sident du comit\u00e9 d\u2019organisation, les instruments et danses traditionnels constituent de v\u00e9ritables vecteurs de paix, de coh\u00e9sion sociale et de vivre-ensemble. Face aux menaces de disparition qui p\u00e8sent sur ces expressions culturelles, le FITO entend offrir une tribune durable de valorisation et de transmission aux jeunes g\u00e9n\u00e9rations.<\/p>\n<p>Il a expliqu\u00e9 que le festival, plac\u00e9 sous le patronage du ministre de la Communication, de la Culture, des Arts et du Tourisme, Pingdwend\u00e9 Gilbert Ou\u00e9draogo, se veut un cadre d\u2019expression, de transmission et de sauvegarde des identit\u00e9s culturelles burkinab\u00e8.<\/p>\n<p>Dji Marc Koussoub\u00e9 a indiqu\u00e9 que, pour cette 4e \u00e9dition, les communaut\u00e9s Dian, Tiefo, Peulh, Tamasheq, Sambla et Bwaba seront mises \u00e0 l\u2019honneur.<\/p>\n<p>\u00ab L\u2019objectif est de leur permettre de pr\u00e9senter leurs savoir-faire et leur savoir-\u00eatre afin de renforcer la connaissance et l\u2019appropriation des richesses culturelles nationales par la jeunesse \u00bb, a-t-il soutenu.<\/p>\n<p>Le pr\u00e9sident du comit\u00e9 d\u2019organisation a fait remarquer que l\u2019\u00e9v\u00e8nement sera ponctu\u00e9 par diverses activit\u00e9s. Il s\u2019agit, entre autres, des prestations de troupes de danses traditionnelles, de panels, d\u2019expositions d\u2019objets culturels et d\u2019instruments traditionnels, d\u2019expositions-ventes, de la nuit des communaut\u00e9s et de la rue marchande.<\/p>\n<p>Au cours de cette audience, le comit\u00e9 d\u2019organisation a sollicit\u00e9 le parrainage du pr\u00e9sident de la CN-CES ainsi que ses conseils avis\u00e9s afin d\u2019assurer le succ\u00e8s de l\u2019\u00e9v\u00e8nement.<\/p>\n<p>Le pr\u00e9sident de la Commission nationale de la Conf\u00e9d\u00e9ration des \u00c9tats du Sahel (CN-CES), Bassolma Bazi\u00e9, a pour sa part f\u00e9licit\u00e9 et encourag\u00e9 l\u2019initiative, tout en saluant le travail constant du comit\u00e9 d\u2019organisation pour la r\u00e9ussite des trois pr\u00e9c\u00e9dentes \u00e9ditions.<\/p>\n<p>M. Bazi\u00e9 a \u00e9galement relev\u00e9 la qualit\u00e9 des partenaires et des acteurs impliqu\u00e9s dans cette dynamique de promotion culturelle.<\/p>\n<p>Il a traduit sa disponibilit\u00e9 \u00e0 soutenir le FITO, qu\u2019il consid\u00e8re comme une tribune essentielle de promotion des valeurs culturelles, gages de paix et de coh\u00e9sion sociale. Il a \u00e9galement prodigu\u00e9 des conseils pour une meilleure organisation de cette 4e \u00e9dition du festival.<\/p>\n<p>Il convient de noter que cet \u00e9v\u00e8nement culturel vise \u00e0 valoriser les instruments et danses traditionnels en voie de disparition au Burkina Faso.<\/p>\n<p><strong>Agence d\u2019information du Burkina<\/strong><\/p>\n<p><strong>NO\/hb\/ata<\/strong><\/p>\n","protected":false},"excerpt":{"rendered":"<p>BURKINA-CULTURE-FITO-\u00c9CHANGES Burkina\/FITO 2026 : Le comit\u00e9 d\u2019organisation \u00e9change avec le pr\u00e9sident de la Commission nationale de la Conf\u00e9d\u00e9ration des \u00c9tats du Sahel Ouagadougou, 5 mars 2026 (AIB) \u2013 Le comit\u00e9 d\u2019organisation de la 4e \u00e9dition du Festival international des instruments et danses traditionnels de Ouagadougou (FITO) a \u00e9chang\u00e9, mercredi soir, avec le pr\u00e9sident de la [&hellip;]<\/p>\n","protected":false},"author":16,"featured_media":142249,"comment_status":"open","ping_status":"open","sticky":false,"template":"","format":"standard","meta":{"advanced_seo_description":"","jetpack_seo_html_title":"","jetpack_seo_noindex":false,"jetpack_post_was_ever_published":false,"footnotes":""},"categories":[792,42,173,789,80,93,203,38],"tags":[],"class_list":{"0":"post-142248","1":"post","2":"type-post","3":"status-publish","4":"format-standard","5":"has-post-thumbnail","7":"category-a-e-s","8":"category-centre","9":"category-depeches","10":"category-developpement","11":"category-dossiers","12":"category-flashinfos","13":"category-la-une-aib","14":"category-politique"},"jetpack_featured_media_url":"https:\/\/i0.wp.com\/www.aib.media\/wp-content\/uploads\/2026\/03\/IMG-20260305-WA0117.jpg?fit=1600%2C1066&ssl=1","jetpack_shortlink":"https:\/\/wp.me\/pavbHe-B0k","_links":{"self":[{"href":"https:\/\/www.aib.media\/index.php?rest_route=\/wp\/v2\/posts\/142248","targetHints":{"allow":["GET"]}}],"collection":[{"href":"https:\/\/www.aib.media\/index.php?rest_route=\/wp\/v2\/posts"}],"about":[{"href":"https:\/\/www.aib.media\/index.php?rest_route=\/wp\/v2\/types\/post"}],"author":[{"embeddable":true,"href":"https:\/\/www.aib.media\/index.php?rest_route=\/wp\/v2\/users\/16"}],"replies":[{"embeddable":true,"href":"https:\/\/www.aib.media\/index.php?rest_route=%2Fwp%2Fv2%2Fcomments&post=142248"}],"version-history":[{"count":1,"href":"https:\/\/www.aib.media\/index.php?rest_route=\/wp\/v2\/posts\/142248\/revisions"}],"predecessor-version":[{"id":142250,"href":"https:\/\/www.aib.media\/index.php?rest_route=\/wp\/v2\/posts\/142248\/revisions\/142250"}],"wp:featuredmedia":[{"embeddable":true,"href":"https:\/\/www.aib.media\/index.php?rest_route=\/wp\/v2\/media\/142249"}],"wp:attachment":[{"href":"https:\/\/www.aib.media\/index.php?rest_route=%2Fwp%2Fv2%2Fmedia&parent=142248"}],"wp:term":[{"taxonomy":"category","embeddable":true,"href":"https:\/\/www.aib.media\/index.php?rest_route=%2Fwp%2Fv2%2Fcategories&post=142248"},{"taxonomy":"post_tag","embeddable":true,"href":"https:\/\/www.aib.media\/index.php?rest_route=%2Fwp%2Fv2%2Ftags&post=142248"}],"curies":[{"name":"wp","href":"https:\/\/api.w.org\/{rel}","templated":true}]}}