{"id":142241,"date":"2026-03-05T13:12:45","date_gmt":"2026-03-05T13:12:45","guid":{"rendered":"https:\/\/www.aib.media\/?p=142241"},"modified":"2026-03-05T13:12:45","modified_gmt":"2026-03-05T13:12:45","slug":"sissili-ceb-de-silly-les-activites-sportives-culturelles-et-de-loisirs-lancees-pour-lepanouissement-des-eleves","status":"publish","type":"post","link":"https:\/\/www.aib.media\/?p=142241","title":{"rendered":"Sissili\/CEB de Silly : Les activit\u00e9s sportives, culturelles et de loisirs lanc\u00e9es pour l\u2019\u00e9panouissement des \u00e9l\u00e8ves"},"content":{"rendered":"<p>BURKINA-SISSILI-EDUCATION-LANCEMENT-ACTIVITES<\/p>\n<p><strong>Sissili\/CEB de Silly : Les activit\u00e9s sportives, culturelles et de loisirs lanc\u00e9es pour l\u2019\u00e9panouissement des \u00e9l\u00e8ves<\/strong><\/p>\n<p>&nbsp;<\/p>\n<p>Silly, 4 mars 2026 (AIB) \u2013 Le village de Br\u00e9di\u00e9, dans la commune de Silly, a abrit\u00e9 le mercredi 4 mars 2026 le lancement officiel des Activit\u00e9s sportives, culturelles et de loisirs \u00e0 l\u2019\u00e9cole primaire (ASCLEP) de la Circonscription d\u2019\u00e9ducation de base (CEB) de Silly, sous le th\u00e8me : \u00ab Sport et culture au primaire, facteurs de coh\u00e9sion sociale et d\u2019affirmation de l\u2019identit\u00e9 \u00bb.<\/p>\n<p>&nbsp;<\/p>\n<p>Cette \u00e9dition vise \u00e0 renforcer l\u2019\u00e9panouissement des \u00e9l\u00e8ves et la sauvegarde des valeurs culturelles.<\/p>\n<p>&nbsp;<\/p>\n<p>La c\u00e9r\u00e9monie de lancement a \u00e9t\u00e9 pr\u00e9sid\u00e9e par le responsable des activit\u00e9s sportives et culturelles \u00e0 la Direction provinciale de l\u2019\u00c9ducation pr\u00e9scolaire, primaire et non formelle (DPEPPNF) de la Sissili, Gervais Som\u00e9, repr\u00e9sentant le directeur provincial Soungalo Traor\u00e9.<\/p>\n<p>&nbsp;<\/p>\n<p>Il avait \u00e0 ses c\u00f4t\u00e9s le chef de la Circonscription d\u2019\u00e9ducation de base (CCEB) de Silly, Julcarnine Napon, ainsi que de nombreux encadreurs p\u00e9dagogiques, enseignants et populations locales.<\/p>\n<p>&nbsp;<\/p>\n<p>Pour le CCEB Napon, le sport et la culture sont indispensables dans le parcours \u00e9ducatif. \u00ab Privez l\u2019enfant du jeu, vous en ferez un malade \u00bb, a-t-il confi\u00e9, tout en pr\u00e9cisant que ces activit\u00e9s constituent un rem\u00e8de face \u00e0 une \u00e9cole souvent jug\u00e9e trop th\u00e9orique.<\/p>\n<p>&nbsp;<\/p>\n<p>Il a \u00e9galement soulign\u00e9 que le sport est un terrain fertile pour cultiver la solidarit\u00e9, l\u2019esprit d\u2019\u00e9quipe, la tol\u00e9rance et le go\u00fbt de l\u2019effort.<\/p>\n<p>&nbsp;<\/p>\n<p>Abondant dans le m\u00eame sens, Gervais Som\u00e9 a f\u00e9licit\u00e9 les organisateurs pour la tenue de l\u2019\u00e9v\u00e9nement qui, selon lui, pose les jalons de la r\u00e9ussite de l\u2019ann\u00e9e scolaire dans la CEB de Silly.<\/p>\n<p>&nbsp;<\/p>\n<p>M. Som\u00e9 a par ailleurs invit\u00e9 les acteurs \u00e0 privil\u00e9gier l\u2019\u00e9panouissement des enfants au-del\u00e0 des \u00e9ventuelles imperfections organisationnelles.<\/p>\n<p>&nbsp;<\/p>\n<p>Le secr\u00e9taire g\u00e9n\u00e9ral de l\u2019ASCLEP de la CEB, Kont\u00e8me Zongo, a indiqu\u00e9 que, malgr\u00e9 l\u2019enthousiasme, des d\u00e9fis subsistent. Il a notamment \u00e9voqu\u00e9 la difficult\u00e9 li\u00e9e aux longues distances que doivent parcourir les \u00e9l\u00e8ves pour rejoindre les sites de comp\u00e9tition.<\/p>\n<p>&nbsp;<\/p>\n<p>M. Zongo a salu\u00e9 l\u2019appui des inspecteurs de la CEB qui a permis de surmonter les obstacles financiers et mat\u00e9riels.<\/p>\n<p>&nbsp;<\/p>\n<p>La journ\u00e9e a \u00e9t\u00e9 marqu\u00e9e par le match d\u2019ouverture opposant les \u00e9coles de Br\u00e9di\u00e9 A et Br\u00e9di\u00e9 B, dans une ambiance \u00e9lectrique et avec un niveau de jeu jug\u00e9 \u00e9lev\u00e9 par les observateurs. L\u2019\u00e9quipe de Br\u00e9di\u00e9 A s\u2019est impos\u00e9e par le score de 2 buts \u00e0 0.<\/p>\n<p>&nbsp;<\/p>\n<p>En plus du football, cette \u00e9dition mettra en avant les arts de la sc\u00e8ne, notamment le th\u00e9\u00e2tre, le r\u00e9cital et la danse traditionnelle, essentiels pour la d\u00e9tection de jeunes talents et la p\u00e9rennisation du patrimoine culturel burkinab\u00e8.<\/p>\n<p>&nbsp;<\/p>\n<p>Le CCEB a enfin invit\u00e9 tous les directeurs d\u2019\u00e9coles \u00e0 une participation effective, tout en rappelant que dans l\u2019\u00e9ducation, \u00ab tout le monde y gagne \u00bb. Il a \u00e9galement eu une pens\u00e9e particuli\u00e8re pour les Forces de d\u00e9fense et de s\u00e9curit\u00e9 (FDS) pour leurs efforts en vue du retour de la paix dans la commune de Silly.<\/p>\n<p>&nbsp;<\/p>\n<p><strong>Agence d\u2019information du Burkina<\/strong><\/p>\n<p><strong>LTS\/ban\/no\/ata<\/strong><\/p>\n","protected":false},"excerpt":{"rendered":"<p>BURKINA-SISSILI-EDUCATION-LANCEMENT-ACTIVITES Sissili\/CEB de Silly : Les activit\u00e9s sportives, culturelles et de loisirs lanc\u00e9es pour l\u2019\u00e9panouissement des \u00e9l\u00e8ves &nbsp; Silly, 4 mars 2026 (AIB) \u2013 Le village de Br\u00e9di\u00e9, dans la commune de Silly, a abrit\u00e9 le mercredi 4 mars 2026 le lancement officiel des Activit\u00e9s sportives, culturelles et de loisirs \u00e0 l\u2019\u00e9cole primaire (ASCLEP) de [&hellip;]<\/p>\n","protected":false},"author":16,"featured_media":142242,"comment_status":"open","ping_status":"open","sticky":false,"template":"","format":"standard","meta":{"advanced_seo_description":"","jetpack_seo_html_title":"","jetpack_seo_noindex":false,"jetpack_post_was_ever_published":false,"footnotes":""},"categories":[47,173,80,93,203,40,111,36],"tags":[],"class_list":{"0":"post-142241","1":"post","2":"type-post","3":"status-publish","4":"format-standard","5":"has-post-thumbnail","7":"category-centre-ouest","8":"category-depeches","9":"category-dossiers","10":"category-flashinfos","11":"category-la-une-aib","12":"category-regions","13":"category-sissili","14":"category-societe"},"jetpack_featured_media_url":"https:\/\/i0.wp.com\/www.aib.media\/wp-content\/uploads\/2026\/03\/IMG-20260305-WA0052.jpg?fit=1016%2C762&ssl=1","jetpack_shortlink":"https:\/\/wp.me\/pavbHe-B0d","_links":{"self":[{"href":"https:\/\/www.aib.media\/index.php?rest_route=\/wp\/v2\/posts\/142241","targetHints":{"allow":["GET"]}}],"collection":[{"href":"https:\/\/www.aib.media\/index.php?rest_route=\/wp\/v2\/posts"}],"about":[{"href":"https:\/\/www.aib.media\/index.php?rest_route=\/wp\/v2\/types\/post"}],"author":[{"embeddable":true,"href":"https:\/\/www.aib.media\/index.php?rest_route=\/wp\/v2\/users\/16"}],"replies":[{"embeddable":true,"href":"https:\/\/www.aib.media\/index.php?rest_route=%2Fwp%2Fv2%2Fcomments&post=142241"}],"version-history":[{"count":1,"href":"https:\/\/www.aib.media\/index.php?rest_route=\/wp\/v2\/posts\/142241\/revisions"}],"predecessor-version":[{"id":142243,"href":"https:\/\/www.aib.media\/index.php?rest_route=\/wp\/v2\/posts\/142241\/revisions\/142243"}],"wp:featuredmedia":[{"embeddable":true,"href":"https:\/\/www.aib.media\/index.php?rest_route=\/wp\/v2\/media\/142242"}],"wp:attachment":[{"href":"https:\/\/www.aib.media\/index.php?rest_route=%2Fwp%2Fv2%2Fmedia&parent=142241"}],"wp:term":[{"taxonomy":"category","embeddable":true,"href":"https:\/\/www.aib.media\/index.php?rest_route=%2Fwp%2Fv2%2Fcategories&post=142241"},{"taxonomy":"post_tag","embeddable":true,"href":"https:\/\/www.aib.media\/index.php?rest_route=%2Fwp%2Fv2%2Ftags&post=142241"}],"curies":[{"name":"wp","href":"https:\/\/api.w.org\/{rel}","templated":true}]}}