{"id":142167,"date":"2026-03-04T16:28:51","date_gmt":"2026-03-04T16:28:51","guid":{"rendered":"https:\/\/www.aib.media\/?p=142167"},"modified":"2026-03-04T16:28:51","modified_gmt":"2026-03-04T16:28:51","slug":"ioba-koper-sortie-de-jeunes-filles-formees-en-tissage","status":"publish","type":"post","link":"https:\/\/www.aib.media\/?p=142167","title":{"rendered":"Ioba \/ Koper : Sortie de jeunes filles form\u00e9es en tissage"},"content":{"rendered":"<p>Burkina-Ioba-Jeunesse-Formation-Tissage<\/p>\n<p style=\"text-align: left\"><strong>Ioba \/ Koper : Sortie de jeunes filles form\u00e9es en tissage<\/strong><\/p>\n<p style=\"text-align: left\"><strong>Koper, 3 mars 2026 (AIB) \u2013 Le secr\u00e9taire g\u00e9n\u00e9ral de la mairie de Koper, Nazirou Anaroua, repr\u00e9sentant le pr\u00e9sident de la d\u00e9l\u00e9gation sp\u00e9ciale communale, a pr\u00e9sid\u00e9 la c\u00e9r\u00e9monie officielle de sortie des jeunes filles en fin de formation au m\u00e9tier de tisserand.<\/strong><\/p>\n<p>Initi\u00e9e par l\u2019Association \u00ab W\u00f4taa \u00bb des femmes tisserandes de Koper, cette premi\u00e8re \u00e9dition s\u2019est tenue sous le th\u00e8me : \u00ab Pour la promotion du Faso-danfani, je m\u2019engage \u00bb. La c\u00e9r\u00e9monie s\u2019est d\u00e9roul\u00e9e \u00e0 Koper le 31 janvier 2026 et a connu une grande mobilisation des populations venues soutenir les laur\u00e9ates.<\/p>\n<p>La repr\u00e9sentante des apprenantes, Nibenaon Apolline Som\u00e9, a exprim\u00e9 sa reconnaissance aux autorit\u00e9s administratives, aux formatrices ainsi qu\u2019aux parents pour leur accompagnement tout au long de la formation. \u00ab Nous prenons l\u2019engagement de contribuer au d\u00e9veloppement du m\u00e9tier de tisserand dans la commune de Koper \u00bb, a-t-elle d\u00e9clar\u00e9.<\/p>\n<p>La pr\u00e9sidente de l\u2019association \u00ab W\u00f4taa \u00bb, Dekounwine Jeanine M\u00e9da, a salu\u00e9 la rigueur, le courage et la d\u00e9termination des apprenantes, soulignant leur assiduit\u00e9 et leur ponctualit\u00e9 durant la formation. \u00ab Je vous souhaite bon vent et gardez le m\u00eame dynamisme pour d\u00e9velopper votre propre atelier \u00bb, a-t-elle conseill\u00e9 aux nouvelles tisserandes.<\/p>\n<p>Le parrain de cette premi\u00e8re \u00e9dition, B\u00e9renger Somda, a f\u00e9licit\u00e9 les organisatrices pour leur courage et leur engagement \u00e0 valoriser le m\u00e9tier de tisserand \u00e0 travers l\u2019organisation d\u2019une sortie officielle pour leurs apprenantes. Il a formul\u00e9 le v\u0153u que les prochaines \u00e9ditions soient encore meilleures.<\/p>\n<p>Pour le secr\u00e9taire g\u00e9n\u00e9ral de la mairie, Nazirou Anaroua, cette initiative est \u00e0 saluer au regard de son importance pour la commune et dans le contexte actuel. \u00ab C\u2019est une belle initiative et un m\u00e9tier tr\u00e8s noble. F\u00e9licitations \u00e0 tous les acteurs. Les autorit\u00e9s provinciales et communales restent disponibles \u00e0 vous soutenir dans cette mission de formation et de cr\u00e9ation d\u2019emplois pour les jeunes \u00bb, a-t-il d\u00e9clar\u00e9. La c\u00e9r\u00e9monie a \u00e9t\u00e9 marqu\u00e9e par la remise d\u2019attestations et de pr\u00e9sents aux laur\u00e9ates.<\/p>\n<p style=\"text-align: right\"><strong>Agence d\u2019information du Burkina <\/strong><br \/>\n<strong>BBH\/sz-dnk<\/strong><\/p>\n","protected":false},"excerpt":{"rendered":"<p>Burkina-Ioba-Jeunesse-Formation-Tissage Ioba \/ Koper : Sortie de jeunes filles form\u00e9es en tissage Koper, 3 mars 2026 (AIB) \u2013 Le secr\u00e9taire g\u00e9n\u00e9ral de la mairie de Koper, Nazirou Anaroua, repr\u00e9sentant le pr\u00e9sident de la d\u00e9l\u00e9gation sp\u00e9ciale communale, a pr\u00e9sid\u00e9 la c\u00e9r\u00e9monie officielle de sortie des jeunes filles en fin de formation au m\u00e9tier de tisserand. Initi\u00e9e [&hellip;]<\/p>\n","protected":false},"author":15,"featured_media":142168,"comment_status":"open","ping_status":"open","sticky":false,"template":"","format":"standard","meta":{"advanced_seo_description":"","jetpack_seo_html_title":"","jetpack_seo_noindex":false,"jetpack_post_was_ever_published":false,"footnotes":""},"categories":[173,93,136,203],"tags":[],"class_list":{"0":"post-142167","1":"post","2":"type-post","3":"status-publish","4":"format-standard","5":"has-post-thumbnail","7":"category-depeches","8":"category-flashinfos","9":"category-ioba","10":"category-la-une-aib"},"jetpack_featured_media_url":"https:\/\/i0.wp.com\/www.aib.media\/wp-content\/uploads\/2026\/03\/IMG-20260304-WA00801.jpg?fit=1080%2C809&ssl=1","jetpack_shortlink":"https:\/\/wp.me\/pavbHe-AZ1","_links":{"self":[{"href":"https:\/\/www.aib.media\/index.php?rest_route=\/wp\/v2\/posts\/142167","targetHints":{"allow":["GET"]}}],"collection":[{"href":"https:\/\/www.aib.media\/index.php?rest_route=\/wp\/v2\/posts"}],"about":[{"href":"https:\/\/www.aib.media\/index.php?rest_route=\/wp\/v2\/types\/post"}],"author":[{"embeddable":true,"href":"https:\/\/www.aib.media\/index.php?rest_route=\/wp\/v2\/users\/15"}],"replies":[{"embeddable":true,"href":"https:\/\/www.aib.media\/index.php?rest_route=%2Fwp%2Fv2%2Fcomments&post=142167"}],"version-history":[{"count":1,"href":"https:\/\/www.aib.media\/index.php?rest_route=\/wp\/v2\/posts\/142167\/revisions"}],"predecessor-version":[{"id":142169,"href":"https:\/\/www.aib.media\/index.php?rest_route=\/wp\/v2\/posts\/142167\/revisions\/142169"}],"wp:featuredmedia":[{"embeddable":true,"href":"https:\/\/www.aib.media\/index.php?rest_route=\/wp\/v2\/media\/142168"}],"wp:attachment":[{"href":"https:\/\/www.aib.media\/index.php?rest_route=%2Fwp%2Fv2%2Fmedia&parent=142167"}],"wp:term":[{"taxonomy":"category","embeddable":true,"href":"https:\/\/www.aib.media\/index.php?rest_route=%2Fwp%2Fv2%2Fcategories&post=142167"},{"taxonomy":"post_tag","embeddable":true,"href":"https:\/\/www.aib.media\/index.php?rest_route=%2Fwp%2Fv2%2Ftags&post=142167"}],"curies":[{"name":"wp","href":"https:\/\/api.w.org\/{rel}","templated":true}]}}