{"id":142164,"date":"2026-03-04T16:26:29","date_gmt":"2026-03-04T16:26:29","guid":{"rendered":"https:\/\/www.aib.media\/?p=142164"},"modified":"2026-03-04T16:26:29","modified_gmt":"2026-03-04T16:26:29","slug":"bale-fara-les-competitions-scolaires-en-sports-et-cultures-lancees","status":"publish","type":"post","link":"https:\/\/www.aib.media\/?p=142164","title":{"rendered":"Bal\u00e9\/Fara : Les comp\u00e9titions scolaires en sports et cultures lanc\u00e9es"},"content":{"rendered":"<p>Burkina\/Bal\u00e9-Comp\u00e9titions-Scolaires<\/p>\n<p><strong>Bal\u00e9\/Fara : Les comp\u00e9titions scolaires en sports et cultures lanc\u00e9es<\/strong><\/p>\n<p><strong>Fara, le 03 mars 2026 (AIB) &#8211; Les activit\u00e9s sportives et culturelles sont en cours dans la commune de Fara. Le d\u00e9but de la comp\u00e9tition dans les diff\u00e9rentes cat\u00e9gories a \u00e9t\u00e9 lanc\u00e9, le mercredi 18 f\u00e9vrier 2026, par les autorit\u00e9s administratives locales et les acteurs de l&rsquo;\u00e9ducation de base dans la cour de l\u2019inspection.<\/strong><\/p>\n<p>La circonscription de l\u2019\u00e9ducation de base de Fara a plac\u00e9 la pr\u00e9sente saison sportive et culturelle en milieu scolaire sur le th\u00e8me : \u00ab Solidarit\u00e9 et r\u00e9silience pour une \u00e9ducation de qualit\u00e9 \u00bb. Les diff\u00e9rentes \u00e9coles de la CEB sont invit\u00e9es \u00e0 montrer leurs savoir-faire en ballet, r\u00e9cital, play back, slam et le th\u00e9\u00e2tre pour la composante culture.<\/p>\n<p>Pour le sport c&rsquo;est principalement le football inter-\u00e9cole pour les \u00e9l\u00e8ves et inter zone d&rsquo;encadrement p\u00e9dagogique pour les enseignants. Toutes les 44 \u00e9coles de la circonscription sont sur les listes des comp\u00e9titions.<\/p>\n<p>C&rsquo;est le responsable des activit\u00e9s sportives et culturelles de la circonscription, l&rsquo;inspecteur Nabonswende Zoma, qui a au nom du CCEB prononc\u00e9 le mot d&rsquo;ouverture de cette \u00e9dition. A cette occasion, il a f\u00e9licit\u00e9 le comit\u00e9 d&rsquo;organisation pour la r\u00e9ussite de l&rsquo;\u00e9dition pr\u00e9c\u00e9dente. Aussi, A-t-il, a exhort\u00e9 tous les acteurs \u00e0 \u0153uvrer davantage pour la r\u00e9ussite de l&rsquo;\u00e9dition 2026.<\/p>\n<p>Parlant des objectifs de l\u2019OSCELP, l\u2019inspecteur Zoma a rappel\u00e9 que les activit\u00e9s culturelles et sportives visent \u00e0 favoriser la coh\u00e9sion sociale, l&rsquo;\u00e9panouissement et l&rsquo;excellence acad\u00e9mique. Elles stimulent les potentialit\u00e9s des \u00e9l\u00e8ves et contribuent au d\u00e9veloppement de leurs comp\u00e9tences, a-t-il ajout\u00e9.<\/p>\n<p>Avant de proc\u00e9der au lancement officiel des activit\u00e9s, le repr\u00e9sentant du CCEB a exhort\u00e9 les arbitres et les membres du jury au professionnalisme et \u00e0 l&rsquo;impartialit\u00e9 pour que vivent les activit\u00e9s sportives et culturelles \u00e0 l&rsquo;\u00e9cole primaire.<\/p>\n<p style=\"text-align: right\"><strong>Agence d&rsquo;Information du Burkina.<\/strong><br \/>\n<strong>EK-dnk<\/strong><\/p>\n","protected":false},"excerpt":{"rendered":"<p>Burkina\/Bal\u00e9-Comp\u00e9titions-Scolaires Bal\u00e9\/Fara : Les comp\u00e9titions scolaires en sports et cultures lanc\u00e9es Fara, le 03 mars 2026 (AIB) &#8211; Les activit\u00e9s sportives et culturelles sont en cours dans la commune de Fara. Le d\u00e9but de la comp\u00e9tition dans les diff\u00e9rentes cat\u00e9gories a \u00e9t\u00e9 lanc\u00e9, le mercredi 18 f\u00e9vrier 2026, par les autorit\u00e9s administratives locales et les [&hellip;]<\/p>\n","protected":false},"author":15,"featured_media":142165,"comment_status":"open","ping_status":"open","sticky":false,"template":"","format":"standard","meta":{"advanced_seo_description":"","jetpack_seo_html_title":"","jetpack_seo_noindex":false,"jetpack_post_was_ever_published":false,"footnotes":""},"categories":[785,173,93,203],"tags":[],"class_list":{"0":"post-142164","1":"post","2":"type-post","3":"status-publish","4":"format-standard","5":"has-post-thumbnail","7":"category-bale","8":"category-depeches","9":"category-flashinfos","10":"category-la-une-aib"},"jetpack_featured_media_url":"https:\/\/i0.wp.com\/www.aib.media\/wp-content\/uploads\/2026\/03\/IMG-20260304-WA00791.jpg?fit=1152%2C864&ssl=1","jetpack_shortlink":"https:\/\/wp.me\/pavbHe-AYY","_links":{"self":[{"href":"https:\/\/www.aib.media\/index.php?rest_route=\/wp\/v2\/posts\/142164","targetHints":{"allow":["GET"]}}],"collection":[{"href":"https:\/\/www.aib.media\/index.php?rest_route=\/wp\/v2\/posts"}],"about":[{"href":"https:\/\/www.aib.media\/index.php?rest_route=\/wp\/v2\/types\/post"}],"author":[{"embeddable":true,"href":"https:\/\/www.aib.media\/index.php?rest_route=\/wp\/v2\/users\/15"}],"replies":[{"embeddable":true,"href":"https:\/\/www.aib.media\/index.php?rest_route=%2Fwp%2Fv2%2Fcomments&post=142164"}],"version-history":[{"count":1,"href":"https:\/\/www.aib.media\/index.php?rest_route=\/wp\/v2\/posts\/142164\/revisions"}],"predecessor-version":[{"id":142166,"href":"https:\/\/www.aib.media\/index.php?rest_route=\/wp\/v2\/posts\/142164\/revisions\/142166"}],"wp:featuredmedia":[{"embeddable":true,"href":"https:\/\/www.aib.media\/index.php?rest_route=\/wp\/v2\/media\/142165"}],"wp:attachment":[{"href":"https:\/\/www.aib.media\/index.php?rest_route=%2Fwp%2Fv2%2Fmedia&parent=142164"}],"wp:term":[{"taxonomy":"category","embeddable":true,"href":"https:\/\/www.aib.media\/index.php?rest_route=%2Fwp%2Fv2%2Fcategories&post=142164"},{"taxonomy":"post_tag","embeddable":true,"href":"https:\/\/www.aib.media\/index.php?rest_route=%2Fwp%2Fv2%2Ftags&post=142164"}],"curies":[{"name":"wp","href":"https:\/\/api.w.org\/{rel}","templated":true}]}}