{"id":142161,"date":"2026-03-04T14:52:26","date_gmt":"2026-03-04T14:52:26","guid":{"rendered":"https:\/\/www.aib.media\/?p=142161"},"modified":"2026-03-04T14:52:26","modified_gmt":"2026-03-04T14:52:26","slug":"koosin-la-coordination-provinciale-des-femmes-lance-les-preparatifs-du-8-mars-par-une-operation-de-salubrite","status":"publish","type":"post","link":"https:\/\/www.aib.media\/?p=142161","title":{"rendered":"Koosin : La coordination provinciale des femmes lance les pr\u00e9paratifs du 8 mars par une op\u00e9ration de salubrit\u00e9"},"content":{"rendered":"<p>BURKINA-KOOSIN-ASSAINISSEMENT-FEMME<br \/>\n<strong>Koosin : La coordination provinciale des femmes lance les pr\u00e9paratifs du 8 mars par une op\u00e9ration de salubrit\u00e9<\/strong><\/p>\n<p><strong>Nouna, 4 mars 2026 (AIB)-La coordination provinciale des femmes de la Koosin, a initi\u00e9, ce mercredi 04 mars 2026 \u00e0 Nouna, une journ\u00e9e de salubrit\u00e9, afin de nettoyer les sites identifi\u00e9s pour abriter les activit\u00e9s du 8 mars 2026.<\/strong><\/p>\n<p>En pr\u00e9lude \u00e0 la journ\u00e9e internationale de la femme, la coordination provinciale des femmes a entrepris dans son programme, une s\u00e9rie d&rsquo;activit\u00e9s dont une journ\u00e9e de salubrit\u00e9, ce mercredi 04 mars 2026 \u00e0 Nouna.<br \/>\nMunies de pioche, de r\u00e2teaux et du n\u00e9cessaire pour attaquer les mauvaises herbes de la maison de la femme, du plateau de la mairie et de la cour du Haut-commissariat, les femmes ont t\u00e9moign\u00e9 de l&rsquo;int\u00e9r\u00eat que les femmes accordent \u00e0 la journ\u00e9e qui leur est d\u00e9di\u00e9es.<\/p>\n<p>En moins de deux (2) heures les diff\u00e9rents sites identifi\u00e9s pour le nettoyage ont \u00e9t\u00e9 d\u00e9barrass\u00e9s de d\u00e9chets plastiques et de mauvaises herbes.<br \/>\nAux termes des travaux, la coordinatrice, Marie Rose Yelkouni, a salu\u00e9 l&rsquo;engagement des femmes et un rendez-vous a \u00e9t\u00e9 donn\u00e9 pour la suite du programme \u00e9tabli.<br \/>\nPour la circonstance, des femmes de tous les \u00e2ges s&rsquo;y trouvaient et des hommes qui les ont accompagn\u00e9s pour la r\u00e9ussite de la comm\u00e9moration de leur journ\u00e9e.<br \/>\n\u00ab La f\u00eate du 8 Mars cette ann\u00e9e sera c\u00e9l\u00e9br\u00e9e dans l&rsquo;engagement pour l&rsquo;am\u00e9lioration des conditions de vie, dans les activit\u00e9s g\u00e9n\u00e9ratrices de revenus \u00bb, selon Marie Rose Yelkouni.<\/p>\n<p><strong>Agence d\u2019information du Burkina<\/strong><\/p>\n<p><strong>AC\/HB\/OO<\/strong><\/p>\n","protected":false},"excerpt":{"rendered":"<p>BURKINA-KOOSIN-ASSAINISSEMENT-FEMME Koosin : La coordination provinciale des femmes lance les pr\u00e9paratifs du 8 mars par une op\u00e9ration de salubrit\u00e9 Nouna, 4 mars 2026 (AIB)-La coordination provinciale des femmes de la Koosin, a initi\u00e9, ce mercredi 04 mars 2026 \u00e0 Nouna, une journ\u00e9e de salubrit\u00e9, afin de nettoyer les sites identifi\u00e9s pour abriter les activit\u00e9s du [&hellip;]<\/p>\n","protected":false},"author":16,"featured_media":142162,"comment_status":"open","ping_status":"open","sticky":false,"template":"","format":"standard","meta":{"advanced_seo_description":"","jetpack_seo_html_title":"","jetpack_seo_noindex":false,"jetpack_post_was_ever_published":false,"footnotes":""},"categories":[43,173,80,93,96,203,38,40,36],"tags":[],"class_list":{"0":"post-142161","1":"post","2":"type-post","3":"status-publish","4":"format-standard","5":"has-post-thumbnail","7":"category-boucle-du-mouhoun","8":"category-depeches","9":"category-dossiers","10":"category-flashinfos","11":"category-kossi","12":"category-la-une-aib","13":"category-politique","14":"category-regions","15":"category-societe"},"jetpack_featured_media_url":"https:\/\/i0.wp.com\/www.aib.media\/wp-content\/uploads\/2026\/03\/2-9.jpeg?fit=1024%2C576&ssl=1","jetpack_shortlink":"https:\/\/wp.me\/pavbHe-AYV","_links":{"self":[{"href":"https:\/\/www.aib.media\/index.php?rest_route=\/wp\/v2\/posts\/142161","targetHints":{"allow":["GET"]}}],"collection":[{"href":"https:\/\/www.aib.media\/index.php?rest_route=\/wp\/v2\/posts"}],"about":[{"href":"https:\/\/www.aib.media\/index.php?rest_route=\/wp\/v2\/types\/post"}],"author":[{"embeddable":true,"href":"https:\/\/www.aib.media\/index.php?rest_route=\/wp\/v2\/users\/16"}],"replies":[{"embeddable":true,"href":"https:\/\/www.aib.media\/index.php?rest_route=%2Fwp%2Fv2%2Fcomments&post=142161"}],"version-history":[{"count":1,"href":"https:\/\/www.aib.media\/index.php?rest_route=\/wp\/v2\/posts\/142161\/revisions"}],"predecessor-version":[{"id":142163,"href":"https:\/\/www.aib.media\/index.php?rest_route=\/wp\/v2\/posts\/142161\/revisions\/142163"}],"wp:featuredmedia":[{"embeddable":true,"href":"https:\/\/www.aib.media\/index.php?rest_route=\/wp\/v2\/media\/142162"}],"wp:attachment":[{"href":"https:\/\/www.aib.media\/index.php?rest_route=%2Fwp%2Fv2%2Fmedia&parent=142161"}],"wp:term":[{"taxonomy":"category","embeddable":true,"href":"https:\/\/www.aib.media\/index.php?rest_route=%2Fwp%2Fv2%2Fcategories&post=142161"},{"taxonomy":"post_tag","embeddable":true,"href":"https:\/\/www.aib.media\/index.php?rest_route=%2Fwp%2Fv2%2Ftags&post=142161"}],"curies":[{"name":"wp","href":"https:\/\/api.w.org\/{rel}","templated":true}]}}