{"id":142158,"date":"2026-03-04T14:18:58","date_gmt":"2026-03-04T14:18:58","guid":{"rendered":"https:\/\/www.aib.media\/?p=142158"},"modified":"2026-03-04T14:18:58","modified_gmt":"2026-03-04T14:18:58","slug":"bam-montee-drapeau-national-la-direction-provinciale-des-impots-invitee-a-etre-le-pilier-de-la-justice-fiscale-revolutionnaire","status":"publish","type":"post","link":"https:\/\/www.aib.media\/?p=142158","title":{"rendered":"Bam\/Mont\u00e9e drapeau national: la Direction provinciale des imp\u00f4ts invit\u00e9e \u00e0 \u00eatre le pilier de la justice fiscale r\u00e9volutionnaire"},"content":{"rendered":"<p><strong>Bam\/Mont\u00e9e drapeau national: la Direction provinciale des imp\u00f4ts invit\u00e9e \u00e0 \u00eatre le pilier de la justice fiscale r\u00e9volutionnaire<\/strong><\/p>\n<p><strong>Kongoussi, 3 mars 2026 (AIB) \u2013 Le haut-commissaire de la province du Bam, Karim Ou\u00e9draogo, a invit\u00e9 mardi matin les travailleurs de la Direction provinciale des imp\u00f4ts du Bam, \u00e0 l\u2019exemplarit\u00e9 fiscale dans le contexte de la R\u00e9volution progressiste populaire au cours de la mont\u00e9e mensuelle des couleurs nationales.<\/strong><\/p>\n<p>La mont\u00e9e tournante du drapeau national dans le Bam s\u2019est d\u00e9roul\u00e9e \u00e0 la Direction provinciale des imp\u00f4ts du Bam. Elle a r\u00e9uni les forces vives et les agents de la direction provinciale des imp\u00f4ts .<br \/>\nDans son adresse, le haut-commissaire Ou\u00e9draogo a insist\u00e9 sur le r\u00f4le strat\u00e9gique des imp\u00f4ts dans l\u2019ancrage de la dynamique r\u00e9volutionnaire en cours. \u00ab La Direction provinciale des imp\u00f4ts est le service par excellence des recouvrements des recettes. Vous \u00eates les gardiens de la justice fiscale et les bras ex\u00e9cutants de la volont\u00e9 populaire \u00bb, a-t-il d\u00e9clar\u00e9 \u00e0 l\u2019adresse des travailleurs des imp\u00f4ts.<\/p>\n<p>Selon ses dires, la r\u00e9forme fiscale engag\u00e9e par le gouvernement vise \u00e0 b\u00e2tir un syst\u00e8me plus \u00e9quitable, capable de mobiliser les ressources endog\u00e8nes pour financer les priorit\u00e9s nationales, notamment les \u00e9coles, les centres de sant\u00e9 et les infrastructures.<\/p>\n<p>\u00ab Les imp\u00f4ts ne doivent plus \u00eatre per\u00e7us comme un fardeau, mais comme un outil de redistribution des richesses au profit de tous \u00bb, a soutenu M. Ou\u00e9draogo, tout en invitant les agents \u00e0 faire preuve d\u2019int\u00e9grit\u00e9, de transparence et de professionnalisme.<\/p>\n<p>Le haut-commissaire a \u00e9galement rappel\u00e9 le lancement, le 2 mars 2026, de la 4e \u00e9dition des Journ\u00e9es de l\u2019exemplarit\u00e9 fiscale qui se tiendront jusqu\u2019au 31 mars prochain, sous la pr\u00e9sidence du Premier ministre burkinab\u00e8.<\/p>\n<p>En conclusion, Il a exhort\u00e9 les populations \u00e0 s\u2019acquitter de leurs taxes et imp\u00f4ts \u00e0 bonne date afin de consolider la souverainet\u00e9 nationale et soutenir le d\u00e9veloppement endog\u00e8ne.<\/p>\n<p>Rappelons que la prochaine mont\u00e9e des couleurs se tiendra \u00e0 la Maison d\u2019arr\u00eat et de correction de Kongoussi.<\/p>\n<p style=\"text-align: right\"><strong>Agence d\u2019Information du Burkina <\/strong><br \/>\n<strong>AR\/ata<\/strong><\/p>\n","protected":false},"excerpt":{"rendered":"<p>Bam\/Mont\u00e9e drapeau national: la Direction provinciale des imp\u00f4ts invit\u00e9e \u00e0 \u00eatre le pilier de la justice fiscale r\u00e9volutionnaire Kongoussi, 3 mars 2026 (AIB) \u2013 Le haut-commissaire de la province du Bam, Karim Ou\u00e9draogo, a invit\u00e9 mardi matin les travailleurs de la Direction provinciale des imp\u00f4ts du Bam, \u00e0 l\u2019exemplarit\u00e9 fiscale dans le contexte de la [&hellip;]<\/p>\n","protected":false},"author":15,"featured_media":142159,"comment_status":"open","ping_status":"open","sticky":false,"template":"","format":"standard","meta":{"advanced_seo_description":"","jetpack_seo_html_title":"","jetpack_seo_noindex":false,"jetpack_post_was_ever_published":false,"footnotes":""},"categories":[106,173,93,203],"tags":[],"class_list":{"0":"post-142158","1":"post","2":"type-post","3":"status-publish","4":"format-standard","5":"has-post-thumbnail","7":"category-bam","8":"category-depeches","9":"category-flashinfos","10":"category-la-une-aib"},"jetpack_featured_media_url":"https:\/\/i0.wp.com\/www.aib.media\/wp-content\/uploads\/2026\/03\/IMG-20260304-WA0048.jpg?fit=1003%2C578&ssl=1","jetpack_shortlink":"https:\/\/wp.me\/pavbHe-AYS","_links":{"self":[{"href":"https:\/\/www.aib.media\/index.php?rest_route=\/wp\/v2\/posts\/142158","targetHints":{"allow":["GET"]}}],"collection":[{"href":"https:\/\/www.aib.media\/index.php?rest_route=\/wp\/v2\/posts"}],"about":[{"href":"https:\/\/www.aib.media\/index.php?rest_route=\/wp\/v2\/types\/post"}],"author":[{"embeddable":true,"href":"https:\/\/www.aib.media\/index.php?rest_route=\/wp\/v2\/users\/15"}],"replies":[{"embeddable":true,"href":"https:\/\/www.aib.media\/index.php?rest_route=%2Fwp%2Fv2%2Fcomments&post=142158"}],"version-history":[{"count":1,"href":"https:\/\/www.aib.media\/index.php?rest_route=\/wp\/v2\/posts\/142158\/revisions"}],"predecessor-version":[{"id":142160,"href":"https:\/\/www.aib.media\/index.php?rest_route=\/wp\/v2\/posts\/142158\/revisions\/142160"}],"wp:featuredmedia":[{"embeddable":true,"href":"https:\/\/www.aib.media\/index.php?rest_route=\/wp\/v2\/media\/142159"}],"wp:attachment":[{"href":"https:\/\/www.aib.media\/index.php?rest_route=%2Fwp%2Fv2%2Fmedia&parent=142158"}],"wp:term":[{"taxonomy":"category","embeddable":true,"href":"https:\/\/www.aib.media\/index.php?rest_route=%2Fwp%2Fv2%2Fcategories&post=142158"},{"taxonomy":"post_tag","embeddable":true,"href":"https:\/\/www.aib.media\/index.php?rest_route=%2Fwp%2Fv2%2Ftags&post=142158"}],"curies":[{"name":"wp","href":"https:\/\/api.w.org\/{rel}","templated":true}]}}